{"id":61127,"date":"2025-10-21T19:31:12","date_gmt":"2025-10-21T19:31:12","guid":{"rendered":"https:\/\/www.europesays.com\/se\/61127\/"},"modified":"2025-10-21T19:31:12","modified_gmt":"2025-10-21T19:31:12","slug":"misstankt-valdtakt-pa-gynmottagning-i-stockholm","status":"publish","type":"post","link":"https:\/\/www.europesays.com\/se\/61127\/","title":{"rendered":"Misst\u00e4nkt v\u00e5ldt\u00e4kt p\u00e5 gynmottagning i Stockholm"},"content":{"rendered":"<p>Polis har gripit en gynekolog p\u00e5 en klinik i Stockholmsomr\u00e5det, skriver Aftonbladet.<\/p>\n<p>En kvinna som s\u00f6kt v\u00e5rd p\u00e5 kliniken ska enligt tidningens uppgifter ha slagit larm om att hon utsatts f\u00f6r ett \u00f6vergrepp.<\/p>\n<p>\u2013 Brottet utreds som v\u00e5ldt\u00e4kt, s\u00e4ger \u00e5klagaren Paulina Pilati.<\/p>\n<p>Omni \u00e4r politiskt obundna och oberoende. Vi str\u00e4var efter att ge fler perspektiv p\u00e5 nyheterna. Har du fr\u00e5gor eller synpunkter kring v\u00e5r rapportering? <a href=\"https:\/\/omni.se\/gynekolog-utreds-for-valdtakt-greps-pa-klinik\/a\/mailto:redaktion@omni.se\" class=\"ArticleActions_contactLink__W2F1M\" rel=\"nofollow noopener\" target=\"_blank\">Kontakta redaktionen<\/a><\/p>\n","protected":false},"excerpt":{"rendered":"Polis har gripit en gynekolog p\u00e5 en klinik i Stockholmsomr\u00e5det, skriver Aftonbladet. En kvinna som s\u00f6kt v\u00e5rd p\u00e5&hellip;\n","protected":false},"author":2,"featured_media":61128,"comment_status":"","ping_status":"","sticky":false,"template":"","format":"standard","meta":{"footnotes":""},"categories":[14],"tags":[22,23,128,26,27,17,21,24,25,28,29,15,16,18,34,127,31,33,32,30,19,20,51,52,53,54],"class_list":{"0":"post-61127","1":"post","2":"type-post","3":"status-publish","4":"format-standard","5":"has-post-thumbnail","7":"category-varlden","8":"tag-breaking-news","9":"tag-breakingnews","10":"tag-brott","11":"tag-featured-news","12":"tag-featurednews","13":"tag-headlines","14":"tag-huvudnyheter","15":"tag-latest-news","16":"tag-latestnews","17":"tag-main-news","18":"tag-mainnews","19":"tag-news","20":"tag-nyheter","21":"tag-rubriker","22":"tag-se","23":"tag-stockholms-lan","24":"tag-svenska","25":"tag-sverige","26":"tag-sweden","27":"tag-swedish","28":"tag-top-stories","29":"tag-topstories","30":"tag-varlden","31":"tag-world","32":"tag-world-news","33":"tag-worldnews"},"share_on_mastodon":{"url":"","error":""},"_links":{"self":[{"href":"https:\/\/www.europesays.com\/se\/wp-json\/wp\/v2\/posts\/61127","targetHints":{"allow":["GET"]}}],"collection":[{"href":"https:\/\/www.europesays.com\/se\/wp-json\/wp\/v2\/posts"}],"about":[{"href":"https:\/\/www.europesays.com\/se\/wp-json\/wp\/v2\/types\/post"}],"author":[{"embeddable":true,"href":"https:\/\/www.europesays.com\/se\/wp-json\/wp\/v2\/users\/2"}],"replies":[{"embeddable":true,"href":"https:\/\/www.europesays.com\/se\/wp-json\/wp\/v2\/comments?post=61127"}],"version-history":[{"count":0,"href":"https:\/\/www.europesays.com\/se\/wp-json\/wp\/v2\/posts\/61127\/revisions"}],"wp:featuredmedia":[{"embeddable":true,"href":"https:\/\/www.europesays.com\/se\/wp-json\/wp\/v2\/media\/61128"}],"wp:attachment":[{"href":"https:\/\/www.europesays.com\/se\/wp-json\/wp\/v2\/media?parent=61127"}],"wp:term":[{"taxonomy":"category","embeddable":true,"href":"https:\/\/www.europesays.com\/se\/wp-json\/wp\/v2\/categories?post=61127"},{"taxonomy":"post_tag","embeddable":true,"href":"https:\/\/www.europesays.com\/se\/wp-json\/wp\/v2\/tags?post=61127"}],"curies":[{"name":"wp","href":"https:\/\/api.w.org\/{rel}","templated":true}]}}