{"id":61136,"date":"2025-10-21T19:39:31","date_gmt":"2025-10-21T19:39:31","guid":{"rendered":"https:\/\/www.europesays.com\/se\/61136\/"},"modified":"2025-10-21T19:39:31","modified_gmt":"2025-10-21T19:39:31","slug":"trumps-vita-huset-rivning-har-inte-hant-pa-83-ar","status":"publish","type":"post","link":"https:\/\/www.europesays.com\/se\/61136\/","title":{"rendered":"Trumps Vita huset-rivning\n\u2013 har inte h\u00e4nt p\u00e5 83 \u00e5r"},"content":{"rendered":"<p>Publicerad 21 okt 2025 kl 02.48Uppdaterad kl 06.53<\/p>\n<p>Donald Trump lovade att byggandet av hans balsal i Vita huset \u201dinte kommer att p\u00e5verka den nuvarande byggnaden\u201d.<\/p>\n<p>Nu har presidenten l\u00e5tit riva delar av Vita husets East Wing som inte \u00e4ndrats p\u00e5 83 \u00e5r, skriver <a href=\"https:\/\/www.bbc.com\/news\/articles\/ced6np51532o\" rel=\"nofollow noopener\" target=\"_blank\">BBC<\/a>.\u00a0<\/p>\n<p>\u201dFullst\u00e4ndigt helger\u00e5n\u201d, skriver Joe Walsh, tidigare republikansk kongressledamot.<\/p>\n<p>H\u00e4r river Volvon Trumps &#8221;favoritplats&#8221;<img loading=\"lazy\"   alt=\"\"\/><\/p>\n<p>Delar av East Wing i Vita huset b\u00f6rjade demoleras under m\u00e5ndagen.<\/p>\n<p>Foto: JIM LO SCALZO \/ EPA<\/p>\n<p>\u00d6ppna bild i helsk\u00e4rm<img loading=\"lazy\"   alt=\"\"\/><\/p>\n<p>Donald Trump.<\/p>\n<p>Foto: MATTIE NERETIN \/ STELLA PICTURES ZUMA PRESS<\/p>\n<p>\u00d6ppna bild i helsk\u00e4rm<\/p>\n<p>Under sommaren tillk\u00e4nnagav president <a href=\"https:\/\/www.expressen.se\/tagg\/person\/donald-trump\/\" class=\"\" rel=\"nofollow noopener\" target=\"_blank\">Donald Trump<\/a> sina planer f\u00f6r en balsal i Vita huset, n\u00e5got han beskrev som en \u201dl\u00e5ngvarig dr\u00f6m\u201d.\u00a0<\/p>\n<p>Han uppgav att m\u00e5ls\u00e4ttningen var att bygga \u201dlandets vackraste balsal\u201d med plats f\u00f6r 650 personer. Vita husets pressekreterare Karoline Leavitt sade att \u201dinget kommer att rivas\u201d i samband med projektet, enligt <a href=\"https:\/\/apnews.com\/article\/trump-ballroom-white-house-east-wing-demolish-a3efb2973d4d4e45f98b02e55210c538\" rel=\"nofollow noopener\" target=\"_blank\">AP<\/a>.<\/p>\n<p>\u2013 Det kommer inte att p\u00e5verka den nuvarande byggnaden. Det kommer det inte. Den kommer att ligga n\u00e4ra men inte r\u00f6ra vid den \u2013 och visar full respekt f\u00f6r den befintliga byggnaden, som jag \u00e4r det st\u00f6rsta fanet av. Det \u00e4r min favorit. Det \u00e4r min favoritplats. Jag \u00e4lskar den, sade Trump d\u00e5.<\/p>\n<p><img loading=\"lazy\"   alt=\"\"\/><\/p>\n<p>Donald Trumps inl\u00e4gg.<\/p>\n<p>Foto: Truth Social<\/p>\n<p>\u00d6ppna bild i helsk\u00e4rmKostar 2,8 miljarder<\/p>\n<p>Under m\u00e5ndagen skrev Trump att \u201df\u00f6rsta spadtaget \u00e4r taget\u201d f\u00f6r vad han beskrev som den \u201dmycket beh\u00f6vda\u201d balsalen. Kostnaden ber\u00e4knas till 2,8 miljarder kronor, n\u00e5got som enligt presidenten finansieras privat av \u201dm\u00e5nga gener\u00f6sa patrioter\u201d.\u00a0<\/p>\n<p>\u201dI \u00f6ver 150 \u00e5r har varje president dr\u00f6mt om att ha en balsal i Vita huset f\u00f6r att kunna ta emot g\u00e4ster vid stora fester, statsbes\u00f6k med mera\u201d, skriver Trump.<\/p>\n<p>East Wing, Vita husets \u00f6stra flygel, byggdes 1902 och \u00e4ndrades senast 1942 \u2013 fram tills i m\u00e5ndags. D\u00e5 rev byggarbetare p\u00e5 presidentens order delar av \u00f6stra flygeln, som Trump s\u00e4ger ska \u201dmoderniseras helt\u201d.<\/p>\n<p>Presidenten h\u00e4vdade p\u00e5 sociala medier att East Wing \u00e4r \u201dhelt separat fr\u00e5n Vita huset\u201d, trots att den \u00e4r ansluten till huvudbyggnaden. Den t\u00e4ckta entr\u00e9n, som str\u00e4cker sig l\u00e4ngs stora delar av flygeln, revs ut. F\u00f6nster och stora delar av fasaden demolerades.<\/p>\n<p><img loading=\"lazy\"   alt=\"\"\/><\/p>\n<p>Delar av Vita husets \u00f6stra flygel revs.<\/p>\n<p>Foto: JIM LO SCALZO \/ EPA<\/p>\n<p>\u00d6ppna bild i helsk\u00e4rmRepublikanen: \u201dHelger\u00e5n\u201d<\/p>\n<p>Joe Walsh, tidigare republikansk kongressledamot, kallade Trumps tilltag f\u00f6r ett \u201dfullst\u00e4ndigt helger\u00e5n\u201d.<\/p>\n<p>\u201dOm jag skulle st\u00e4lla upp i presidentvalet 2028 skulle jag kampanja p\u00e5 att k\u00f6ra en bulldozer genom Trumps balsal\u201d, skriver Walsh p\u00e5 X.<\/p>\n<p>Poddaren Bryan Tyler Cohen delade en bild p\u00e5 rivningsarbetet p\u00e5 X och skrev:<\/p>\n<p>\u201dDonald Trump river nu officiellt en del av Vita huset f\u00f6r att g\u00f6ra plats f\u00f6r sin gyllene balsal.\u201d<\/p>\n<p>Den liberale kommentatorn Joshua Reed Eakle skrev p\u00e5 X att han \u201dbara kommer att r\u00f6sta p\u00e5 n\u00e4sta demokratiska kandidat om de lovar att riva Trumps smakl\u00f6sa balsalsutbyggnad\u201d.<\/p>\n","protected":false},"excerpt":{"rendered":"Publicerad 21 okt 2025 kl 02.48Uppdaterad kl 06.53 Donald Trump lovade att byggandet av hans balsal i Vita&hellip;\n","protected":false},"author":2,"featured_media":61137,"comment_status":"","ping_status":"","sticky":false,"template":"","format":"standard","meta":{"footnotes":""},"categories":[14],"tags":[22,23,26,27,17,21,24,25,1340,28,29,15,16,198,18,34,55,31,33,32,30,19,204,20,51,52,53,54],"class_list":{"0":"post-61136","1":"post","2":"type-post","3":"status-publish","4":"format-standard","5":"has-post-thumbnail","7":"category-varlden","8":"tag-breaking-news","9":"tag-breakingnews","10":"tag-featured-news","11":"tag-featurednews","12":"tag-headlines","13":"tag-huvudnyheter","14":"tag-latest-news","15":"tag-latestnews","16":"tag-location-vita-huset","17":"tag-main-news","18":"tag-mainnews","19":"tag-news","20":"tag-nyheter","21":"tag-person-donald-trump","22":"tag-rubriker","23":"tag-se","24":"tag-sections-varlden","25":"tag-svenska","26":"tag-sverige","27":"tag-sweden","28":"tag-swedish","29":"tag-top-stories","30":"tag-topic-amerikansk-politik","31":"tag-topstories","32":"tag-varlden","33":"tag-world","34":"tag-world-news","35":"tag-worldnews"},"share_on_mastodon":{"url":"","error":""},"_links":{"self":[{"href":"https:\/\/www.europesays.com\/se\/wp-json\/wp\/v2\/posts\/61136","targetHints":{"allow":["GET"]}}],"collection":[{"href":"https:\/\/www.europesays.com\/se\/wp-json\/wp\/v2\/posts"}],"about":[{"href":"https:\/\/www.europesays.com\/se\/wp-json\/wp\/v2\/types\/post"}],"author":[{"embeddable":true,"href":"https:\/\/www.europesays.com\/se\/wp-json\/wp\/v2\/users\/2"}],"replies":[{"embeddable":true,"href":"https:\/\/www.europesays.com\/se\/wp-json\/wp\/v2\/comments?post=61136"}],"version-history":[{"count":0,"href":"https:\/\/www.europesays.com\/se\/wp-json\/wp\/v2\/posts\/61136\/revisions"}],"wp:featuredmedia":[{"embeddable":true,"href":"https:\/\/www.europesays.com\/se\/wp-json\/wp\/v2\/media\/61137"}],"wp:attachment":[{"href":"https:\/\/www.europesays.com\/se\/wp-json\/wp\/v2\/media?parent=61136"}],"wp:term":[{"taxonomy":"category","embeddable":true,"href":"https:\/\/www.europesays.com\/se\/wp-json\/wp\/v2\/categories?post=61136"},{"taxonomy":"post_tag","embeddable":true,"href":"https:\/\/www.europesays.com\/se\/wp-json\/wp\/v2\/tags?post=61136"}],"curies":[{"name":"wp","href":"https:\/\/api.w.org\/{rel}","templated":true}]}}