{"id":61155,"date":"2025-10-21T20:05:16","date_gmt":"2025-10-21T20:05:16","guid":{"rendered":"https:\/\/www.europesays.com\/se\/61155\/"},"modified":"2025-10-21T20:05:16","modified_gmt":"2025-10-21T20:05:16","slug":"thand-ringqvist-favorit-till-c-ledare-interna-oron","status":"publish","type":"post","link":"https:\/\/www.europesays.com\/se\/61155\/","title":{"rendered":"Thand Ringqvist favorit till C-ledare \u2013 interna oron"},"content":{"rendered":"<p>Publicerad 21 okt 2025 kl 19.39<\/p>\n<p>Elisabeth Thand Ringqvist pekas ut som storfavorit till ny C-ledare.<\/p>\n<p>Men i partiet finns ocks\u00e5 misstro mot henne.<\/p>\n<p>\u2013 Det finns de som \u00e4r r\u00e4dda f\u00f6r att hon kommer att ta tillbaka Centerpartiet till ett mer toppstyrt parti, s\u00e4ger Expressens politikreporter Anette Holmqvist i \u201dPolitikrummet\u201d.<\/p>\n<p><img   alt=\"\"\/><\/p>\n<p>Elisabeth Thand Ringqvist.<\/p>\n<p>Foto: Oscar Olsson \/ TT NYHETSBYR\u00c5N<\/p>\n<p>\u00d6ppna bild i helsk\u00e4rm<\/p>\n<p>Elisabeth Thand Ringqvist beskrivs som den stora favoriten n\u00e4r C ska v\u00e4lja ny partiledare f\u00f6r tredje g\u00e5ngen den h\u00e4r mandatperioden.<\/p>\n<p>Men hos vissa finns en skepsis f\u00f6r att partiet med henne p\u00e5 partiledarposten skulle bli mer toppstyrt och gl\u00f6mma bort landsbygden.<\/p>\n<p>\u2013 Samtidigt menar de som hejar p\u00e5 f\u00f6r att hon ska ta \u00f6ver att det \u00e4r helt or\u00e4ttvist. Hon har ju faktiskt sina r\u00f6tter i J\u00e4mtland och \u00e4r v\u00e4l insatt i regional politik, s\u00e4ger politikreporter Anette Holmqvist i \u201dPolitikrummet\u201d.<\/p>\n<p>Ett nytt namn som dykt upp inf\u00f6r valet \u00e4r partiveteranen Anders W Jonsson. Andra vill se uppstickaren Hannes Hervieu, i dag stabschef till Hatt.<\/p>\n<p>H\u00f6r mer om Centerns partiledarprocess i Expressens podd \u201dPolitikrummet\u201d, d\u00e4r det ocks\u00e5 handlar om <a href=\"https:\/\/www.expressen.se\/tagg\/organization\/miljopartiet\/\" class=\"\" rel=\"nofollow noopener\" target=\"_blank\">Milj\u00f6partiets<\/a> v\u00e4gval inf\u00f6r valet 2026.<\/p>\n<p>I studion: Max V Karlsson, Anette Holmqvist och Viktor Barth-Kron.<\/p>\n<p><img alt=\"\"\/>Ljudklippet gick inte att spela upp<\/p>\n<p>F\u00f6rs\u00f6k igen senare<\/p>\n","protected":false},"excerpt":{"rendered":"Publicerad 21 okt 2025 kl 19.39 Elisabeth Thand Ringqvist pekas ut som storfavorit till ny C-ledare. Men i&hellip;\n","protected":false},"author":2,"featured_media":61156,"comment_status":"","ping_status":"","sticky":false,"template":"","format":"standard","meta":{"footnotes":""},"categories":[5],"tags":[22,23,26,27,17,21,24,25,28,29,15,16,1353,40,5708,18,34,1968,31,33,32,30,19,152,20],"class_list":{"0":"post-61155","1":"post","2":"type-post","3":"status-publish","4":"format-standard","5":"has-post-thumbnail","7":"category-rubriker","8":"tag-breaking-news","9":"tag-breakingnews","10":"tag-featured-news","11":"tag-featurednews","12":"tag-headlines","13":"tag-huvudnyheter","14":"tag-latest-news","15":"tag-latestnews","16":"tag-main-news","17":"tag-mainnews","18":"tag-news","19":"tag-nyheter","20":"tag-organization-centerpartiet","21":"tag-organization-miljopartiet","22":"tag-person-elisabeth-thand-ringqvist","23":"tag-rubriker","24":"tag-se","25":"tag-sections-politikrummet","26":"tag-svenska","27":"tag-sverige","28":"tag-sweden","29":"tag-swedish","30":"tag-top-stories","31":"tag-topic-inrikespolitik","32":"tag-topstories"},"share_on_mastodon":{"url":"","error":""},"_links":{"self":[{"href":"https:\/\/www.europesays.com\/se\/wp-json\/wp\/v2\/posts\/61155","targetHints":{"allow":["GET"]}}],"collection":[{"href":"https:\/\/www.europesays.com\/se\/wp-json\/wp\/v2\/posts"}],"about":[{"href":"https:\/\/www.europesays.com\/se\/wp-json\/wp\/v2\/types\/post"}],"author":[{"embeddable":true,"href":"https:\/\/www.europesays.com\/se\/wp-json\/wp\/v2\/users\/2"}],"replies":[{"embeddable":true,"href":"https:\/\/www.europesays.com\/se\/wp-json\/wp\/v2\/comments?post=61155"}],"version-history":[{"count":0,"href":"https:\/\/www.europesays.com\/se\/wp-json\/wp\/v2\/posts\/61155\/revisions"}],"wp:featuredmedia":[{"embeddable":true,"href":"https:\/\/www.europesays.com\/se\/wp-json\/wp\/v2\/media\/61156"}],"wp:attachment":[{"href":"https:\/\/www.europesays.com\/se\/wp-json\/wp\/v2\/media?parent=61155"}],"wp:term":[{"taxonomy":"category","embeddable":true,"href":"https:\/\/www.europesays.com\/se\/wp-json\/wp\/v2\/categories?post=61155"},{"taxonomy":"post_tag","embeddable":true,"href":"https:\/\/www.europesays.com\/se\/wp-json\/wp\/v2\/tags?post=61155"}],"curies":[{"name":"wp","href":"https:\/\/api.w.org\/{rel}","templated":true}]}}