{"id":61163,"date":"2025-10-21T20:30:20","date_gmt":"2025-10-21T20:30:20","guid":{"rendered":"https:\/\/www.europesays.com\/se\/61163\/"},"modified":"2025-10-21T20:30:20","modified_gmt":"2025-10-21T20:30:20","slug":"expressen-direkt-senaste-nytt-i-korthet-502","status":"publish","type":"post","link":"https:\/\/www.europesays.com\/se\/61163\/","title":{"rendered":"Expressen Direkt \u2013 senaste nytt i korthet"},"content":{"rendered":"<p>Vance optimistisk kring vapenvilan<\/p>\n<p><img decoding=\"async\" itemprop=\"image\" src=\"https:\/\/www.europesays.com\/se\/wp-content\/uploads\/2025\/10\/db85af49-4a74-4fbf-a8d7-159eae6b0a52.jpeg\" class=\"fr-fic fr-dib\" loading=\"lazy\" alt=\"Uppladdad bild\"\/><\/p>\n<p>\u201dDet vi sett den senaste tiden ger mig mycket hopp\u201d, s\u00e4ger Vance. Foto: Francisco Seco \/ AP \/ TT<\/p>\n<p>USA:s vicepresident JD Vance har rest till Israel f\u00f6r m\u00f6ten med bland andra premi\u00e4rminister Benjamin Netanyahu. Bes\u00f6ket ses som ett f\u00f6rs\u00f6k att se till att den br\u00e4ckliga vapenvilan mellan Israel och Hamas h\u00e5ller.<\/p>\n<p>\u2013 Jag k\u00e4nner mig v\u00e4ldigt optimistisk, s\u00e4ger Vance vid en presskonferens.\u00a0<\/p>\n<p>Hamas och Israel har anklagat varandra f\u00f6r kr\u00e4nkningar av vapenvilan. I helgen genomf\u00f6rde Israel kraftiga bombningar i Gaza efter att man anklagat Hamas f\u00f6r att ha d\u00f6dat tv\u00e5 israeliska soldater.\u00a0<\/p>\n<p>Vance konstaterar att utmaningar finns, men beskriver l\u00e4get som ljust mot bakgrund av f\u00f6ruts\u00e4ttningarna.<\/p>\n<p>\u2013 Det vi sett den senaste tiden ger mig mycket hopp om att det h\u00e4r kommer att h\u00e5lla. Givet den konfliktfyllda historien tycker jag att alla ska vara stolta \u00f6ver var vi st\u00e5r i dag.<\/p>\n<p>Vance medger att det kommer att ta tid att f\u00f6rhandla fram detaljerna kring de andra av punkterna i Donald Trumps fredsplan. Han understryker att prioriteringen den n\u00e4rmsta framtiden \u00e4r att uppr\u00e4tta s\u00e4kerhet i Gaza, f\u00e5 in tillr\u00e4ckligt med humanit\u00e4rt st\u00f6d och f\u00e5 ig\u00e5ng \u00e5teruppbyggnaden.<\/p>\n<p>(TT)<\/p>\n","protected":false},"excerpt":{"rendered":"Vance optimistisk kring vapenvilan \u201dDet vi sett den senaste tiden ger mig mycket hopp\u201d, s\u00e4ger Vance. Foto: Francisco&hellip;\n","protected":false},"author":2,"featured_media":39,"comment_status":"","ping_status":"","sticky":false,"template":"","format":"standard","meta":{"footnotes":""},"categories":[5],"tags":[22,23,26,27,35,17,21,24,25,28,29,15,16,18,34,31,33,32,30,19,20],"class_list":{"0":"post-61163","1":"post","2":"type-post","3":"status-publish","4":"format-standard","5":"has-post-thumbnail","7":"category-rubriker","8":"tag-breaking-news","9":"tag-breakingnews","10":"tag-featured-news","11":"tag-featurednews","12":"tag-function-ta-bort-ai-rost","13":"tag-headlines","14":"tag-huvudnyheter","15":"tag-latest-news","16":"tag-latestnews","17":"tag-main-news","18":"tag-mainnews","19":"tag-news","20":"tag-nyheter","21":"tag-rubriker","22":"tag-se","23":"tag-svenska","24":"tag-sverige","25":"tag-sweden","26":"tag-swedish","27":"tag-top-stories","28":"tag-topstories"},"share_on_mastodon":{"url":"","error":""},"_links":{"self":[{"href":"https:\/\/www.europesays.com\/se\/wp-json\/wp\/v2\/posts\/61163","targetHints":{"allow":["GET"]}}],"collection":[{"href":"https:\/\/www.europesays.com\/se\/wp-json\/wp\/v2\/posts"}],"about":[{"href":"https:\/\/www.europesays.com\/se\/wp-json\/wp\/v2\/types\/post"}],"author":[{"embeddable":true,"href":"https:\/\/www.europesays.com\/se\/wp-json\/wp\/v2\/users\/2"}],"replies":[{"embeddable":true,"href":"https:\/\/www.europesays.com\/se\/wp-json\/wp\/v2\/comments?post=61163"}],"version-history":[{"count":0,"href":"https:\/\/www.europesays.com\/se\/wp-json\/wp\/v2\/posts\/61163\/revisions"}],"wp:featuredmedia":[{"embeddable":true,"href":"https:\/\/www.europesays.com\/se\/wp-json\/wp\/v2\/media\/39"}],"wp:attachment":[{"href":"https:\/\/www.europesays.com\/se\/wp-json\/wp\/v2\/media?parent=61163"}],"wp:term":[{"taxonomy":"category","embeddable":true,"href":"https:\/\/www.europesays.com\/se\/wp-json\/wp\/v2\/categories?post=61163"},{"taxonomy":"post_tag","embeddable":true,"href":"https:\/\/www.europesays.com\/se\/wp-json\/wp\/v2\/tags?post=61163"}],"curies":[{"name":"wp","href":"https:\/\/api.w.org\/{rel}","templated":true}]}}