{"id":61164,"date":"2025-10-21T20:38:07","date_gmt":"2025-10-21T20:38:07","guid":{"rendered":"https:\/\/www.europesays.com\/se\/61164\/"},"modified":"2025-10-21T20:38:07","modified_gmt":"2025-10-21T20:38:07","slug":"trippelsmall-hotar-altor-efter-krisen-i-stegra","status":"publish","type":"post","link":"https:\/\/www.europesays.com\/se\/61164\/","title":{"rendered":"Trippelsm\u00e4ll hotar Altor \u2013 efter krisen i Stegra"},"content":{"rendered":"<p class=\"\">Det svenska riskkapitalbolaget Altor \u00e4r n\u00e4st st\u00f6rsta \u00e4gare i Stegra, som enligt uppgifter till Financial Times befinner sig i en allt djupare finansiell kris.<\/p>\n<p class=\"\">\u2013 Det h\u00e4r liknar mer och mer Northvolt. Det \u00e4r sv\u00e5rt att se n\u00e5got annat scenario \u00e4n att aktie\u00e4garna blir helt utsp\u00e4dda, sade en person med insyn i Stegras finansiering till tidningen.<\/p>\n<p class=\"\">Altor grundades 2003 av bland annat Harald Mix och har investerat i n\u00e4ra 100 bolag. Investeringarna g\u00f6rs genom fonder, som i sin tur reser kapital fr\u00e5n stora institutionella investerare s\u00e5 som amerikanska universitet och pensionsfonder. <\/p>\n<p class=\"\">\u2013\u00a0Harald Mix har klassiskt sett haft v\u00e4ldigt god kontakt med institutionella investerare och \u00e4r en duktig f\u00f6rs\u00e4ljare p\u00e5 det s\u00e4ttet, s\u00e4ger en person med insyn i Altors fondresningar.<\/p>\n<p class=\"\">Investeringen i Stegra har gjorts i tre av bolagets sju fonder \u2013 n\u00e4mligen genom Altors Fund V, Fund VI och ACT. Hur stora de respektive investeringarna \u00e4r vill inte Altor uppge, men bolaget \u00e4r n\u00e4st st\u00f6rsta \u00e4gare i Stegra med 14,7 procent av kapitalet.<\/p>\n<p class=\"text-center\"><strong>S\u00e5 fungerar Altors investeringar<\/strong><\/p>\n<p class=\"\">Altor reser pengar fr\u00e5n institutionella investerare i Europa och USA, s\u00e5 som institutioner, universitetsstiftelser, pensionsfonder och v\u00e4lg\u00f6renhetsstiftelser. <\/p>\n<p class=\"\">Tillsammans har de \u00e5tagit sig att investera \u00f6ver 12 miljarder euro i Altors sju fonder. Altors investeringsmandat str\u00e4cker sig fr\u00e5n b\u00e5de unga bolag till mer mogna bolag, och \u00f6ver b\u00e5de privata och b\u00f6rsnoterade bolag. Investeringshorisonten \u00e4r p\u00e5 15 \u00e5r.<\/p>\n<p class=\"\">Fund V, Fund VI och ACT har investerat i Stegra. Fund IV st\u00e4ngde p\u00e5 rekordsumman 3 miljarder euro.<\/p>\n<p class=\"\">I dessa fonder finns bland annat University of Michigan, Tredje AP-fonden, DnB Livsforsikring AS, North Dakota State Investment Board som institutionella investerare. <\/p>\n<p>Harald Mix \u00f6verl\u00e4gset st\u00f6rst \u00e4gare i Stegra<\/p>\n<p class=\"\">Harald Mix syns i Stegras \u00e4garlista p\u00e5 tre olika s\u00e4tt. Stegras st\u00f6rsta \u00e4gare \u00e4r Vargas Holding, ett investeringsbolag som han driver tillsammans med Carl-Erik Lagercrantz. N\u00e4st st\u00f6rsta \u00e4gare \u00e4r Altor, ett bolag som Harald Mix var med och grundade. Dessutom finns han p\u00e5 tionde plats som investerare via sitt privata bolag Kallsk\u00e4r, som i sin tur \u00e4ger majoriteten av Vargas Holding.<\/p>\n<p class=\"\">Under Stegras p\u00e5g\u00e5ende finansieringsrunda \u2013 som p\u00e5g\u00e5r samtidigt som Harald Mix meddelat att han l\u00e4mnar rollen som styrelseordf\u00f6rande \u2013 agerar de tre \u00e4garposterna inte p\u00e5 samma s\u00e4tt.<\/p>\n<p class=\"\">EFN <a class=\"null text-blue-link underline\" href=\"https:\/\/efn.se\/harald-mix-vargas-slutar-ga-in-med-pengar-i-stegra\" rel=\"nofollow noopener\" target=\"_blank\">avsl\u00f6jade p\u00e5 m\u00e5ndagen<\/a> att Harald Mix inte l\u00e4ngre kommer att investera i Stegra via sitt investeringsbolag Vargas Holding. D\u00e4remot kommer han skjuta till eget kapital via Kallsk\u00e4r.<\/p>\n<p class=\"\">\u00c4ven Altor kommer att delta i finansieringsrundan.<\/p>\n<p class=\"\">\u201dDet st\u00e4mmer att vi har investerat i Stegra via fonderna du n\u00e4mner och att vi har committat oss till den p\u00e5g\u00e5ende finansieringsrundan tillsammans med \u00f6vriga huvud\u00e4gare. Vi g\u00e5r inte in p\u00e5 detalj i hur mycket vi har investerat i v\u00e5ra bolag, det g\u00e4ller inte bara Stegra, det g\u00e4ller alla v\u00e5ra bolag\u201d, skriver Karin \u00c5str\u00f6m som \u00e4r kommunikationschef p\u00e5 Altor i ett mejl till EFN.<\/p>\n<p class=\"\">Vargas Holding var ocks\u00e5 med och grundade batteritillverkaren Northvolt, som senare gick i konkurs. Altor var dock inte en investerare i Northvolt.<\/p>\n<p class=\"text-center\"><strong>Stegras fem st\u00f6rsta \u00e4gare (procent, kapital)<\/strong><\/p>\n<ol>\n<li>\n<p class=\"\">Vargas Holding (Harald Mix): 22,3 procent<\/p>\n<\/li>\n<li>\n<p class=\"\">Altor (grundat av Harald Mix): 14,7 procent<\/p>\n<\/li>\n<li>\n<p class=\"\">Just Climate: 8,1 procent<\/p>\n<\/li>\n<li>\n<p class=\"\">H2 Opera Steelworks AB: 6,9 procent<\/p>\n<\/li>\n<li>\n<p class=\"\">Anfield Investment: 6,2 procent<\/p>\n<\/li>\n<\/ol>\n<p class=\"\">Som tionde st\u00f6rsta \u00e4gare finns ocks\u00e5 Harald Mix privata investeringsbolag Kallsk\u00e4r som har 2,8 procent. <\/p>\n<p class=\"\">* Efter den p\u00e5g\u00e5ende emissionen blir Just Climate huvud\u00e4gare enligt uppgifter till Svenska Dagbladet, vilket <a class=\"null text-blue-link underline\" href=\"https:\/\/efn.se\/just-climate-blir-huvudagare-i-stegra-sa-ser-portfoljen-ut\" rel=\"nofollow noopener\" target=\"_blank\">EFN har rapporterat om<\/a>.<\/p>\n<p class=\"\">K\u00e4lla: Holdings<\/p>\n<p>Svenskt pensionskapital hos Altors fonder<\/p>\n<p class=\"\">Personen med insyn som EFN talat med s\u00e4ger att institutionella investerare g\u00f6r nogsamma utv\u00e4rderingar inf\u00f6r varje ny investering.<\/p>\n<p class=\"\">\u2013\u00a0Altors fonder har historiskt haft en mycket god avkastning trots att man tidigare g\u00e5tt p\u00e5 ett par rej\u00e4la minor som OW Bunker och XXL. S\u00e5 de har kunnat resa fonder trots att enskilda investeringar g\u00e5tt d\u00e5ligt, om fonden som helhet har g\u00e5tt bra. Men man g\u00f6r alltid grundliga utredningar, s\u00e4ger han.<\/p>\n<p class=\"\">Bland de institutionella investerarna i Altors fonder finns bland annat Tredje AP-fonden, som investerat i Fund V.<\/p>\n<p class=\"\">Jonas Thulin, som \u00e4r investeringschef p\u00e5 AP3, vill dock inte s\u00e4ga n\u00e5got om hur pensionsfonden f\u00f6rh\u00e5ller sig till Altor som investerare i relation till Stegras ekonomiska kris.<\/p>\n<p class=\"\">\u2013\u00a0Vi har inga kommentarer p\u00e5 en enskild fond och kan inte delta hur vi kommer att agera i kommande fondresningar. Vi tittar p\u00e5 alla m\u00f6jligheter som vi alltid g\u00f6r, s\u00e4ger han till EFN.<\/p>\n<p class=\"\">Inte heller DnB Livforsikring vill kommentera saken.<\/p>\n<p class=\"\">\u201dDNB svarar inte p\u00e5 fr\u00e5gor eller ger n\u00e5gra kommentarer i \u00f6vrigt\u201d, svarar en presstalesperson p\u00e5 mejl.<\/p>\n<p class=\"\">Detsamma g\u00e4ller University of Michigan.<\/p>\n<p class=\"\">\u201dDet \u00e4r universitetets policy att inte kommentera v\u00e5ra investeringsf\u00f6rvaltare eller investeringsstrategier\u201d, skriver Erik Lundberg, investeringschef p\u00e5 universitetet.<\/p>\n<p class=\"\">Laurence Zage, del\u00e4gare p\u00e5 Monument Group som tidigare bist\u00e5tt Altor vid fondresningar, \u00e4r ocks\u00e5 tystl\u00e5ten.<\/p>\n<p class=\"\">\u201dJag kommer inte att kommentera detta utifr\u00e5n f\u00f6retagets policy.\u201d <\/p>\n<p class=\"\">EFN fr\u00e5gar Altor om huruvida den nuvarande krisen i Stegra och den kritik som riktats mot Harald Mix har p\u00e5verkat arbetet med fondresningar.<\/p>\n<p class=\"\">\u201dLikt alla v\u00e5ra fonder och bolag s\u00e5 har vi en l\u00f6pande dialog med v\u00e5ra investerare. Vad g\u00e4ller Stegra specifikt s\u00e5 har vi ett fortsatt starkt f\u00f6rtroende och k\u00e4nner oss trygga med bolagets aff\u00e4rsplan\u201d, skriver Karin \u00c5str\u00f6m.<\/p>\n<p>Statliga medel p\u00e5 spel<\/p>\n<p class=\"\">Det \u00e4r sedan tidigare k\u00e4nt att andra AP-fonden har satsat omkring 500 miljoner kronor i Stegra. <\/p>\n<p class=\"\">D\u00e4rtill beslutade Riksg\u00e4lden i december 2023 att st\u00e4lla ut en garanti f\u00f6r ett l\u00e5n till Stegra. L\u00e5net som garanteras uppg\u00e5r till totalt 1,2 miljarder euro (motsvarande 13 miljarder kronor) och st\u00e4lls ut av flera olika banker och kreditinstitut, d\u00e4r garantin t\u00e4cker 80 procent av l\u00e5nebeloppet \u2013\u00a0motsvarande 10,5 miljarder kronor.<\/p>\n<p class=\"\">Svensk Exportkredit har ocks\u00e5 beviljat ett l\u00e5n p\u00e5 drygt 5 miljarder kronor.<\/p>\n<p class=\"\">\u201dMen, och detta kan vara en komplex fr\u00e5ga som ofta missf\u00f6rst\u00e5s \u2013 detta \u00e4r en projektfinansiering, vilket inneb\u00e4r en annan typ av finansiering d\u00e4r l\u00e5net utbetalas \u00f6ver tid kopplat till att bolaget ifr\u00e5ga uppfyller olika villkor, s\u00e5 kallade covenanter. Vi kommenterar dock inte kring hur stor del av finansieringen som \u00e4r utbetalad i dagsl\u00e4get\u201d, skriver en presstalesperson f\u00f6r Svensk Exportkredit.<\/p>\n","protected":false},"excerpt":{"rendered":"Det svenska riskkapitalbolaget Altor \u00e4r n\u00e4st st\u00f6rsta \u00e4gare i Stegra, som enligt uppgifter till Financial Times befinner sig&hellip;\n","protected":false},"author":2,"featured_media":61165,"comment_status":"","ping_status":"","sticky":false,"template":"","format":"standard","meta":{"footnotes":""},"categories":[5],"tags":[22,23,26,27,17,21,24,25,28,29,15,16,18,34,31,33,32,30,19,20],"class_list":{"0":"post-61164","1":"post","2":"type-post","3":"status-publish","4":"format-standard","5":"has-post-thumbnail","7":"category-rubriker","8":"tag-breaking-news","9":"tag-breakingnews","10":"tag-featured-news","11":"tag-featurednews","12":"tag-headlines","13":"tag-huvudnyheter","14":"tag-latest-news","15":"tag-latestnews","16":"tag-main-news","17":"tag-mainnews","18":"tag-news","19":"tag-nyheter","20":"tag-rubriker","21":"tag-se","22":"tag-svenska","23":"tag-sverige","24":"tag-sweden","25":"tag-swedish","26":"tag-top-stories","27":"tag-topstories"},"share_on_mastodon":{"url":"","error":""},"_links":{"self":[{"href":"https:\/\/www.europesays.com\/se\/wp-json\/wp\/v2\/posts\/61164","targetHints":{"allow":["GET"]}}],"collection":[{"href":"https:\/\/www.europesays.com\/se\/wp-json\/wp\/v2\/posts"}],"about":[{"href":"https:\/\/www.europesays.com\/se\/wp-json\/wp\/v2\/types\/post"}],"author":[{"embeddable":true,"href":"https:\/\/www.europesays.com\/se\/wp-json\/wp\/v2\/users\/2"}],"replies":[{"embeddable":true,"href":"https:\/\/www.europesays.com\/se\/wp-json\/wp\/v2\/comments?post=61164"}],"version-history":[{"count":0,"href":"https:\/\/www.europesays.com\/se\/wp-json\/wp\/v2\/posts\/61164\/revisions"}],"wp:featuredmedia":[{"embeddable":true,"href":"https:\/\/www.europesays.com\/se\/wp-json\/wp\/v2\/media\/61165"}],"wp:attachment":[{"href":"https:\/\/www.europesays.com\/se\/wp-json\/wp\/v2\/media?parent=61164"}],"wp:term":[{"taxonomy":"category","embeddable":true,"href":"https:\/\/www.europesays.com\/se\/wp-json\/wp\/v2\/categories?post=61164"},{"taxonomy":"post_tag","embeddable":true,"href":"https:\/\/www.europesays.com\/se\/wp-json\/wp\/v2\/tags?post=61164"}],"curies":[{"name":"wp","href":"https:\/\/api.w.org\/{rel}","templated":true}]}}