{"id":61168,"date":"2025-10-21T20:48:09","date_gmt":"2025-10-21T20:48:09","guid":{"rendered":"https:\/\/www.europesays.com\/se\/61168\/"},"modified":"2025-10-21T20:48:09","modified_gmt":"2025-10-21T20:48:09","slug":"svarar-efter-ryktet-upp-till-honom","status":"publish","type":"post","link":"https:\/\/www.europesays.com\/se\/61168\/","title":{"rendered":"Svarar efter ryktet: \u201dUpp till honom\u201d"},"content":{"rendered":"<p>Niklas Folin har varit petad i V\u00e4ster\u00e5s den senaste tiden. <\/p>\n<p>Nu svarar backen och sportchefen Niklas Johansson p\u00e5 ryktet om att han skulle vara p\u00e5 v\u00e4g bort. <\/p>\n<p>\u2013\u00a0Jag ska g\u00f6ra mitt b\u00e4sta varje dag h\u00e4r f\u00f6r att ta tillbaka min plats, s\u00e4ger han till <a href=\"https:\/\/www.vlt.se\/2025-10-21\/beskedet-om-petade-vik-backen-upp-till-honom\/\" rel=\"nofollow noopener\" target=\"_blank\">VLT.<\/a> <\/p>\n<p class=\"\">Den defensivt starke backen Niklas Folin har hamnat utanf\u00f6r laget i V\u00e4ster\u00e5s de senaste tiden. Senast Folin spelade f\u00f6r V\u00e4ster\u00e5s var f\u00f6r tv\u00e5 veckor sedan, i hemmamatchen mot Modo. Sedan dess har backen suttit p\u00e5 l\u00e4ktaren. <\/p>\n<p class=\"\">\u2013 Det \u00e4r \u00e5tta som \u00e4r b\u00e4ttre. Det \u00e4r bara att tr\u00e4na varje dag och f\u00f6rs\u00f6ka g\u00f6ra det b\u00e4ttre. Det g\u00e5r snabbt i hockey, helt pl\u00f6tsligt kommer chansen, s\u00e4ger Folin till <a class=\"null text-blue-link\" href=\"https:\/\/www.vlt.se\/2025-10-21\/beskedet-om-petade-vik-backen-upp-till-honom\/\" rel=\"nofollow noopener\" target=\"_blank\">VLT<\/a> efter tisdagens tr\u00e4ning.<\/p>\n<p class=\"\">VIK-tr\u00e4naren Peter Andersson bekr\u00e4ftade efter fredagens f\u00f6rlust mot AIK att det r\u00f6r sig om en ren petning. Andra spelare anses ge laget b\u00e4ttre chans att vinna. Trots situationen beskriver Folin dialogen med tr\u00e4narstaben som god.<\/p>\n<p class=\"\">\u2013 Den g\u00e5r bra. De sa vad de tyckte, s\u00e5 det \u00e4r bra,&#8221;s\u00e4ger han.<\/p>\n<p class=\"\">Folin har varit petad i fyra raka matcher, men enligt honom sj\u00e4lv finns inga planer p\u00e5 att l\u00e4mna klubben. Intresset fr\u00e5n Modo, som sportchefen Henrik Gradin n\u00e4mnt i media, har han inte h\u00f6rt n\u00e5got om.<\/p>\n<p class=\"\">\u2013 Jag \u00e4r V\u00e4ster\u00e5sspelare, och jag ska g\u00f6ra mitt b\u00e4sta varje dag h\u00e4r f\u00f6r att ta tillbaka min plats, s\u00e4ger han.<\/p>\n<p class=\"\">VIK:s sportchef Niklas Johansson understryker \u00e4ven han att situationen handlar om konkurrens efter nyf\u00f6rv\u00e4rven Karl Annborn och Emil Stadin.<\/p>\n<p class=\"\">\u2013 Det \u00e4r en konkurrenssituation och f\u00f6r tillf\u00e4llet spelar han inte. Det \u00e4r mer upp till honom sj\u00e4lv om han vill spela, och till Peter att ta ut honom. Det \u00e4r n\u00e5got vi inte haft tidigare, att det \u00e4r konkurrens om platserna, s\u00e5 det \u00e4r v\u00e4l egentligen n\u00e5got positivt, sen \u00e4r det s\u00e5 klart olyckligt f\u00f6r den spelaren som hamnar d\u00e4r, s\u00e4ger Johansson och avf\u00e4rdar spekulationer om kontraktsbrytning.<\/p>\n<p>Kommentarer TopprankadeSenaste\u00c4ldstaTrendar<\/p>\n<p>Skaffa PLUS f\u00f6r att kommentera<\/p>\n<p>Med en aktiv PLUS-prenumeration kan du kommentera, svara p\u00e5 andra och gilla kommentarer.<\/p>\n<p><a class=\"btn-primary btn-small\" href=\"https:\/\/hockeynews.se\/plus\" rel=\"nofollow noopener\" target=\"_blank\">Skaffa PLUS<\/a><\/p>\n<p>Anv\u00e4nd koden NORR50 \u2013 f\u00e5 \u00e5rskortet f\u00f6r halva priset 349kr (ord pris 699kr). Fyll i NORR50 i sista steget. <a class=\"text-yellow underline font-bold\" href=\"https:\/\/hockeynews.se\/plus\" rel=\"nofollow noopener\" target=\"_blank\">Skaffa PLUS<\/a><\/p>\n<p>Halva priset p\u00e5 TV4 Play Sport Hockey \u2013 <a class=\"text-yellow underline\" href=\"https:\/\/www.tv4play.se\/kampanj\/hockeynewshockey\" rel=\"nofollow noopener\" target=\"_blank\">f\u00e5 kod med Hockeynews h\u00e4r!<\/a> (Annons)<\/p>\n","protected":false},"excerpt":{"rendered":"Niklas Folin har varit petad i V\u00e4ster\u00e5s den senaste tiden. Nu svarar backen och sportchefen Niklas Johansson p\u00e5&hellip;\n","protected":false},"author":2,"featured_media":61169,"comment_status":"","ping_status":"","sticky":false,"template":"","format":"standard","meta":{"footnotes":""},"categories":[68],"tags":[34,111,110,31,33,32,30],"class_list":{"0":"post-61168","1":"post","2":"type-post","3":"status-publish","4":"format-standard","5":"has-post-thumbnail","7":"category-sport","8":"tag-se","9":"tag-sport","10":"tag-sports","11":"tag-svenska","12":"tag-sverige","13":"tag-sweden","14":"tag-swedish"},"share_on_mastodon":{"url":"","error":""},"_links":{"self":[{"href":"https:\/\/www.europesays.com\/se\/wp-json\/wp\/v2\/posts\/61168","targetHints":{"allow":["GET"]}}],"collection":[{"href":"https:\/\/www.europesays.com\/se\/wp-json\/wp\/v2\/posts"}],"about":[{"href":"https:\/\/www.europesays.com\/se\/wp-json\/wp\/v2\/types\/post"}],"author":[{"embeddable":true,"href":"https:\/\/www.europesays.com\/se\/wp-json\/wp\/v2\/users\/2"}],"replies":[{"embeddable":true,"href":"https:\/\/www.europesays.com\/se\/wp-json\/wp\/v2\/comments?post=61168"}],"version-history":[{"count":0,"href":"https:\/\/www.europesays.com\/se\/wp-json\/wp\/v2\/posts\/61168\/revisions"}],"wp:featuredmedia":[{"embeddable":true,"href":"https:\/\/www.europesays.com\/se\/wp-json\/wp\/v2\/media\/61169"}],"wp:attachment":[{"href":"https:\/\/www.europesays.com\/se\/wp-json\/wp\/v2\/media?parent=61168"}],"wp:term":[{"taxonomy":"category","embeddable":true,"href":"https:\/\/www.europesays.com\/se\/wp-json\/wp\/v2\/categories?post=61168"},{"taxonomy":"post_tag","embeddable":true,"href":"https:\/\/www.europesays.com\/se\/wp-json\/wp\/v2\/tags?post=61168"}],"curies":[{"name":"wp","href":"https:\/\/api.w.org\/{rel}","templated":true}]}}