{"id":61171,"date":"2025-10-21T20:56:09","date_gmt":"2025-10-21T20:56:09","guid":{"rendered":"https:\/\/www.europesays.com\/se\/61171\/"},"modified":"2025-10-21T20:56:09","modified_gmt":"2025-10-21T20:56:09","slug":"viktor-gyokeres-malskytt-for-arsenal-i-champions-league","status":"publish","type":"post","link":"https:\/\/www.europesays.com\/se\/61171\/","title":{"rendered":"Viktor Gy\u00f6keres m\u00e5lskytt f\u00f6r Arsenal i Champions League"},"content":{"rendered":"<p><a data-test-tag=\"internal-link\" href=\"https:\/\/www.aftonbladet.se\/av\/andreas-kack\" class=\"hyperion-css-13ns1rr\" rel=\"nofollow noopener\" target=\"\" aria-label=\"Se alla artiklar av Andreas K\u00e4ck\"><img decoding=\"async\" class=\"image-asset hyperion-css-n6kkq1\" data-test-tag=\"image-asset\" src=\"https:\/\/www.europesays.com\/se\/wp-content\/uploads\/2025\/10\/1761080169_181_475043f5-044e-49c1-9619-c66e47aa996b\"  alt=\"\"  loading=\"lazy\" fetchpriority=\"auto\" style=\"aspect-ratio:1900 \/ 1900\"\/><\/a><\/p>\n<p class=\"boxtextgrotesk-root_baa6 hyperion-css-1w346fg\">Uppdaterad 22.52 | Publicerad 22.29<\/p>\n<p>share-arrowDela<\/p>\n<p>unsaveSpara<\/p>\n<p class=\"hyperion-css-1shl3oz\" data-test-tag=\"lead-text\">Torkan \u00e4r \u00f6ver.<\/p>\n<p class=\"hyperion-css-1shl3oz\" data-test-tag=\"lead-text\">Efter nio m\u00e5ll\u00f6sa matcher slog Viktor Gy\u00f6keres till f\u00f6r Arsenal \u2013 tv\u00e5 g\u00e5nger om.<\/p>\n<p class=\"hyperion-css-1shl3oz\" data-test-tag=\"lead-text\">Han gjorde 3\u20130 och 4\u20130 mot Atl\u00e9tico Madrid i Champions League.<\/p>\n<p class=\"hyperion-css-1v9qo5x\">Den svenske anfallaren hade inte gjort m\u00e5l sedan den 13 september.<\/p>\n<p class=\"hyperion-css-1v9qo5x\">Totalt hade torkan p\u00e5g\u00e5tt i n\u00e4stan 700 matchminuter och det b\u00f6rjade gnisslas en del i supporterled och fr\u00e5n experter.<\/p>\n<p class=\"hyperion-css-1v9qo5x\">Men n\u00e4r det v\u00e4l lossnade, lossnade det rej\u00e4lt.<\/p>\n<p class=\"hyperion-css-1v9qo5x\">Gy\u00f6keres gjorde inte bara ett, utan tv\u00e5 m\u00e5l i tungviktsm\u00f6tet med Atletico Madrid \u2013 och m\u00e5len kom inom loppet av tre minuter.<\/p>\n<p>Vild gl\u00e4dje<\/p>\n<p class=\"hyperion-css-1v9qo5x\">Och efter\u00e5t var gl\u00e4djen enorm.<\/p>\n<p class=\"hyperion-css-1v9qo5x\">\u2013 Det \u00e4r f\u00f6rst\u00e5eligt. T\u00e4nk att vara den spelaren, se vad som st\u00e5r i media, f\u00e5 kritik var man \u00e4n g\u00e5r och s\u00e4ga att man inte bryr sig. Men djupt d\u00e4r inne k\u00e4nns det ju n\u00e5gonstans \u2013 och d\u00e5 \u00e4r det ganska sk\u00f6nt att visa folk: h\u00e4r \u00e4r jag, s\u00e4ger Fredrik Ljungberg i Viaplay.<\/p>\n<p>Hyllad<\/p>\n<p class=\"hyperion-css-1v9qo5x\">I den 82:a minuten blev Gy\u00f6keres utbytt \u2013 till st\u00e5ende ovationer.<\/p>\n<p class=\"hyperion-css-1v9qo5x\">Arsenal vann matchen med 4\u20130 (Gabriel och Gabriel Martinelli gjorde de andra tv\u00e5 m\u00e5len) och har inlett CL-spelet med tre raka segrar.<\/p>\n<p class=\"hyperion-css-1v9qo5x\">check Matchen p\u00e5g\u00e5r \u2013 artikeln uppdateras!<\/p>\n<p>expand-left<\/p>\n<p>helsk\u00e4rm<img decoding=\"async\" class=\"image-asset hyperion-css-u06ts1\" data-test-tag=\"image-asset\" src=\"https:\/\/www.europesays.com\/se\/wp-content\/uploads\/2025\/10\/68683832-629c-4814-a470-dce311171147\"  alt=\"Viktor Gy\u00f6keres. \"  loading=\"eager\" fetchpriority=\"high\" style=\"aspect-ratio:1280 \/ 720\"\/>Viktor Gy\u00f6keres. Foto: Viaplay.<\/p>\n","protected":false},"excerpt":{"rendered":"Uppdaterad 22.52 | Publicerad 22.29 share-arrowDela unsaveSpara Torkan \u00e4r \u00f6ver. Efter nio m\u00e5ll\u00f6sa matcher slog Viktor Gy\u00f6keres till&hellip;\n","protected":false},"author":2,"featured_media":61172,"comment_status":"","ping_status":"","sticky":false,"template":"","format":"standard","meta":{"footnotes":""},"categories":[68],"tags":[34,111,110,31,33,32,30],"class_list":{"0":"post-61171","1":"post","2":"type-post","3":"status-publish","4":"format-standard","5":"has-post-thumbnail","7":"category-sport","8":"tag-se","9":"tag-sport","10":"tag-sports","11":"tag-svenska","12":"tag-sverige","13":"tag-sweden","14":"tag-swedish"},"share_on_mastodon":{"url":"","error":""},"_links":{"self":[{"href":"https:\/\/www.europesays.com\/se\/wp-json\/wp\/v2\/posts\/61171","targetHints":{"allow":["GET"]}}],"collection":[{"href":"https:\/\/www.europesays.com\/se\/wp-json\/wp\/v2\/posts"}],"about":[{"href":"https:\/\/www.europesays.com\/se\/wp-json\/wp\/v2\/types\/post"}],"author":[{"embeddable":true,"href":"https:\/\/www.europesays.com\/se\/wp-json\/wp\/v2\/users\/2"}],"replies":[{"embeddable":true,"href":"https:\/\/www.europesays.com\/se\/wp-json\/wp\/v2\/comments?post=61171"}],"version-history":[{"count":0,"href":"https:\/\/www.europesays.com\/se\/wp-json\/wp\/v2\/posts\/61171\/revisions"}],"wp:featuredmedia":[{"embeddable":true,"href":"https:\/\/www.europesays.com\/se\/wp-json\/wp\/v2\/media\/61172"}],"wp:attachment":[{"href":"https:\/\/www.europesays.com\/se\/wp-json\/wp\/v2\/media?parent=61171"}],"wp:term":[{"taxonomy":"category","embeddable":true,"href":"https:\/\/www.europesays.com\/se\/wp-json\/wp\/v2\/categories?post=61171"},{"taxonomy":"post_tag","embeddable":true,"href":"https:\/\/www.europesays.com\/se\/wp-json\/wp\/v2\/tags?post=61171"}],"curies":[{"name":"wp","href":"https:\/\/api.w.org\/{rel}","templated":true}]}}