{"id":61175,"date":"2025-10-21T21:04:08","date_gmt":"2025-10-21T21:04:08","guid":{"rendered":"https:\/\/www.europesays.com\/se\/61175\/"},"modified":"2025-10-21T21:04:08","modified_gmt":"2025-10-21T21:04:08","slug":"fotboll-viktor-gyokeres-brot-maltorkan-tvamalsskytt-i-champions-league","status":"publish","type":"post","link":"https:\/\/www.europesays.com\/se\/61175\/","title":{"rendered":"Fotboll: Viktor Gy\u00f6keres br\u00f6t m\u00e5ltorkan \u2013 tv\u00e5m\u00e5lsskytt i Champions League"},"content":{"rendered":"<p>Vid 3\u20130 studsade bollen fram till den svenske landslagsanfallaren som med ett par snabba f\u00f6tter och ett motst\u00e5ndarben lyckades f\u00e5 bollen i m\u00e5l p\u00e5 ett typiskt m\u00e5ltjuvsvis. Matchuret stod d\u00e5 p\u00e5 66.51 p\u00e5 Emirates. <\/p>\n<p>4\u20130 kom till efter en h\u00f6rna. Gy\u00f6keres stod vid ena stolpen och bufflade in bollen, inte det vackraste m\u00e5let han gjort. D\u00e5 stod matchuret p\u00e5 69.56. Det gick allts\u00e5 3.05 mellan m\u00e5len. <\/p>\n<p>Gl\u00e4djen var p\u00e5taglig efter m\u00e5lexplosionen och n\u00e4r han sl\u00e4ppt sin patenterade m\u00e5lgest med fl\u00e4tade h\u00e4nder \u00f6ver ansiktet kramades han om av lagkamraterna vid h\u00f6rnflaggan. <\/p>\n<p>Senaste m\u00e5let f\u00f6r fem veckor sedan<\/p>\n<p>Senast Gy\u00f6keres gjorde m\u00e5l var den 13 september n\u00e4r han stod f\u00f6r ett av m\u00e5len i Arsenals 3\u20130\u2013seger mot Nottingham i Premier League.<\/p>\n<p>Sedan dess har svensken g\u00e5tt m\u00e5ll\u00f6s i sju matcher f\u00f6r Arsenal och tv\u00e5 VM-kvalmatcher f\u00f6r Sverige, men i kv\u00e4ll br\u00f6t 27-\u00e5ringen den nio matcher l\u00e5nga m\u00e5ltorkan.<\/p>\n<p>I den 83:e minuten byttes Gy\u00f6keres ut till st\u00e5ende ovationer. <\/p>\n","protected":false},"excerpt":{"rendered":"Vid 3\u20130 studsade bollen fram till den svenske landslagsanfallaren som med ett par snabba f\u00f6tter och ett motst\u00e5ndarben&hellip;\n","protected":false},"author":2,"featured_media":61176,"comment_status":"","ping_status":"","sticky":false,"template":"","format":"standard","meta":{"footnotes":""},"categories":[68],"tags":[34,111,110,31,33,32,30],"class_list":{"0":"post-61175","1":"post","2":"type-post","3":"status-publish","4":"format-standard","5":"has-post-thumbnail","7":"category-sport","8":"tag-se","9":"tag-sport","10":"tag-sports","11":"tag-svenska","12":"tag-sverige","13":"tag-sweden","14":"tag-swedish"},"share_on_mastodon":{"url":"","error":""},"_links":{"self":[{"href":"https:\/\/www.europesays.com\/se\/wp-json\/wp\/v2\/posts\/61175","targetHints":{"allow":["GET"]}}],"collection":[{"href":"https:\/\/www.europesays.com\/se\/wp-json\/wp\/v2\/posts"}],"about":[{"href":"https:\/\/www.europesays.com\/se\/wp-json\/wp\/v2\/types\/post"}],"author":[{"embeddable":true,"href":"https:\/\/www.europesays.com\/se\/wp-json\/wp\/v2\/users\/2"}],"replies":[{"embeddable":true,"href":"https:\/\/www.europesays.com\/se\/wp-json\/wp\/v2\/comments?post=61175"}],"version-history":[{"count":0,"href":"https:\/\/www.europesays.com\/se\/wp-json\/wp\/v2\/posts\/61175\/revisions"}],"wp:featuredmedia":[{"embeddable":true,"href":"https:\/\/www.europesays.com\/se\/wp-json\/wp\/v2\/media\/61176"}],"wp:attachment":[{"href":"https:\/\/www.europesays.com\/se\/wp-json\/wp\/v2\/media?parent=61175"}],"wp:term":[{"taxonomy":"category","embeddable":true,"href":"https:\/\/www.europesays.com\/se\/wp-json\/wp\/v2\/categories?post=61175"},{"taxonomy":"post_tag","embeddable":true,"href":"https:\/\/www.europesays.com\/se\/wp-json\/wp\/v2\/tags?post=61175"}],"curies":[{"name":"wp","href":"https:\/\/api.w.org\/{rel}","templated":true}]}}