{"id":61212,"date":"2025-10-21T22:54:11","date_gmt":"2025-10-21T22:54:11","guid":{"rendered":"https:\/\/www.europesays.com\/se\/61212\/"},"modified":"2025-10-21T22:54:11","modified_gmt":"2025-10-21T22:54:11","slug":"svenska-skidforbundet-valkomnar-fis-beslut-att-fortsatta-utesluta-ryska-och-belarusiska-akare-2","status":"publish","type":"post","link":"https:\/\/www.europesays.com\/se\/61212\/","title":{"rendered":"Svenska Skidf\u00f6rbundet v\u00e4lkomnar FIS beslut att forts\u00e4tta utesluta ryska och belarusiska \u00e5kare"},"content":{"rendered":"<p>\n          Pressmeddelande &#8211;<br \/>\n21 Oktober 2025 20:00<\/p>\n<p>    Dela<\/p>\n<p>\n          L\u00e4nk kopierad!\n        <\/p>\n<p>          <a class=\"ghost-btn-with-icon svg-stroke\" rel=\"nofollow noopener\" aria-label=\"Ladda ned som PDF\" href=\"https:\/\/www.mynewsdesk.com\/se\/svenska_skidforbundet\/pressreleases\/svenska-skidfoerbundet-vaelkomnar-fis-beslut-att-fortsaetta-utesluta-ryska-och-belarusiska-aakare-3411672.pdf\" target=\"_blank\"><\/p>\n<p>            Ladda ner<br \/>\n<\/a>      <\/p>\n<p><strong><strong>Internationella Skid- och Snowboardf\u00f6rbundet (FIS) har beslutat att \u00e4ven forts\u00e4ttningsvis inte till\u00e5ta ryska och belarusiska \u00e5kare att delta i internationella FIS-t\u00e4vlingar. Svenska Skidf\u00f6rbundet (SSF) v\u00e4lkomnar beslutet och ser det som ett viktigt st\u00e4llningstagande f\u00f6r idrottens v\u00e4rderingar.<\/strong><\/strong><\/p>\n<p>\u2013 Vi har hela tiden varit tydliga: s\u00e5 l\u00e4nge kriget i Ukraina p\u00e5g\u00e5r b\u00f6r ryska och belarusiska \u00e5kare inte delta i internationella FIS-t\u00e4vlingar. FIS beslut ligger helt i linje med v\u00e5r h\u00e5llning, s\u00e4ger Pernilla Bonde, generalsekreterare f\u00f6r Svenska Skidf\u00f6rbundet.<\/p>\n<p>Svenska Skidf\u00f6rbundet har tillsammans med de nordiska f\u00f6rbunden och Riksidrottsf\u00f6rbundet drivit fr\u00e5gan inom FIS och kommer \u00e4ven fram\u00f6ver att arbeta f\u00f6r att idrotten pr\u00e4glas av etik, respekt och rent spel.<\/p>\n<p>\u2013 Idrotten har en stark r\u00f6st och ett ansvar. Genom att st\u00e5 upp f\u00f6r v\u00e5ra v\u00e4rderingar visar vi vad idrott verkligen handlar om \u2013 gemenskap, demokrati och rent spel, s\u00e4ger Pernilla Bonde.<\/p>\n<p>SSF f\u00f6ljer idrottsr\u00f6relsens v\u00e4rdegrund som vilar p\u00e5 gl\u00e4dje och gemenskap, demokrati och delaktighet, allas r\u00e4tt att vara med samt rent spel.<\/p>\n<p><strong> fr\u00e5gor, kontakta:<\/strong><br \/>Pernilla Bonde, <br \/>Generalsekreterare Svenska Skidf\u00f6rbundet<br \/>Tfn: 0733-856 826<\/p>\n","protected":false},"excerpt":{"rendered":"Pressmeddelande &#8211; 21 Oktober 2025 20:00 Dela L\u00e4nk kopierad! Ladda ner Internationella Skid- och Snowboardf\u00f6rbundet (FIS) har beslutat&hellip;\n","protected":false},"author":2,"featured_media":61213,"comment_status":"","ping_status":"","sticky":false,"template":"","format":"standard","meta":{"footnotes":""},"categories":[5],"tags":[22,23,26,27,17,21,24,25,28,29,15,16,18,34,31,5715,33,32,30,19,20],"class_list":{"0":"post-61212","1":"post","2":"type-post","3":"status-publish","4":"format-standard","5":"has-post-thumbnail","7":"category-rubriker","8":"tag-breaking-news","9":"tag-breakingnews","10":"tag-featured-news","11":"tag-featurednews","12":"tag-headlines","13":"tag-huvudnyheter","14":"tag-latest-news","15":"tag-latestnews","16":"tag-main-news","17":"tag-mainnews","18":"tag-news","19":"tag-nyheter","20":"tag-rubriker","21":"tag-se","22":"tag-svenska","23":"tag-svenska-skidforbundet","24":"tag-sverige","25":"tag-sweden","26":"tag-swedish","27":"tag-top-stories","28":"tag-topstories"},"share_on_mastodon":{"url":"","error":""},"_links":{"self":[{"href":"https:\/\/www.europesays.com\/se\/wp-json\/wp\/v2\/posts\/61212","targetHints":{"allow":["GET"]}}],"collection":[{"href":"https:\/\/www.europesays.com\/se\/wp-json\/wp\/v2\/posts"}],"about":[{"href":"https:\/\/www.europesays.com\/se\/wp-json\/wp\/v2\/types\/post"}],"author":[{"embeddable":true,"href":"https:\/\/www.europesays.com\/se\/wp-json\/wp\/v2\/users\/2"}],"replies":[{"embeddable":true,"href":"https:\/\/www.europesays.com\/se\/wp-json\/wp\/v2\/comments?post=61212"}],"version-history":[{"count":0,"href":"https:\/\/www.europesays.com\/se\/wp-json\/wp\/v2\/posts\/61212\/revisions"}],"wp:featuredmedia":[{"embeddable":true,"href":"https:\/\/www.europesays.com\/se\/wp-json\/wp\/v2\/media\/61213"}],"wp:attachment":[{"href":"https:\/\/www.europesays.com\/se\/wp-json\/wp\/v2\/media?parent=61212"}],"wp:term":[{"taxonomy":"category","embeddable":true,"href":"https:\/\/www.europesays.com\/se\/wp-json\/wp\/v2\/categories?post=61212"},{"taxonomy":"post_tag","embeddable":true,"href":"https:\/\/www.europesays.com\/se\/wp-json\/wp\/v2\/tags?post=61212"}],"curies":[{"name":"wp","href":"https:\/\/api.w.org\/{rel}","templated":true}]}}