{"id":61215,"date":"2025-10-21T23:11:03","date_gmt":"2025-10-21T23:11:03","guid":{"rendered":"https:\/\/www.europesays.com\/se\/61215\/"},"modified":"2025-10-21T23:11:03","modified_gmt":"2025-10-21T23:11:03","slug":"simona-mohamsson-vill-riva-skitskolan-liberalerna-byggde-arbetet","status":"publish","type":"post","link":"https:\/\/www.europesays.com\/se\/61215\/","title":{"rendered":"Simona Mohamsson vill riva skitskolan Liberalerna byggde \u2013 Arbetet"},"content":{"rendered":"<p>I helgen sl\u00e4ppte Liberalernas partiledare Simona Mohamsson en liten politisk bomb.<\/p>\n<p>Vid partiets landsm\u00f6te i november vill partiledningen att L ska b\u00f6rja driva att aktiebolagen ska fasas ur svensk skola.<\/p>\n<p>\u2013 P\u00e5 sikt ska det inte g\u00e5 att ta ut vinst fr\u00e5n skolan. Det blir ett totalstopp f\u00f6r aktiebolag, s\u00e4ger Mohamsson till Expressen.<\/p>\n<p>Regeringspartiet med ansvar f\u00f6r utbildningen g\u00e5r allts\u00e5 till attack mot sj\u00e4lva fundamentet i den borgerliga skolpolitiken \u2013 att vinstintresset \u00e4r den drivkraft som g\u00f6r att n\u00e5gon vill l\u00e4ra v\u00e5ra barn l\u00e4sa, skriva och r\u00e4kna.<\/p>\n<p>F\u00f6rst\u00f6r skolan<\/p>\n<p>Mohamsson har f\u00f6rst\u00e5s p\u00e5 f\u00f6tterna. Forskningen \u00e4r numera entydig: aktiebolagens logik \u00e4r ett gift i utbildningen.<\/p>\n<p>Skolor som drivs i vinstsyfte har l\u00e4gre l\u00e4rart\u00e4thet, fler obeh\u00f6riga l\u00e4rare och st\u00f6rre klasser \u00e4n b\u00e5de kommunala och id\u00e9burna skolor. De s\u00e4tter ocks\u00e5 <a href=\"https:\/\/www.forskning.se\/2016\/05\/26\/friskolor-har-samre-resultat-pa-nationella-prov-trots-generosare-rattning\/\" rel=\"nofollow noopener\" target=\"_blank\">h\u00f6gre betyg<\/a> \u00e4n elevernas kunskaper motiverar. <a href=\"http:\/\/chrome-extension:\/\/efaidnbmnnnibpcajpcglclefindmkaj\/https:\/\/www.ifn.se\/media\/pd2ckxke\/wp1472.pdf\" rel=\"nofollow\">Gl\u00e4djebetyg<\/a> st\u00e4rker skolans varum\u00e4rke men urholkar f\u00f6rtroendet f\u00f6r hela systemet.<\/p>\n<p>Skolverket, Skolinspektionen och <a href=\"https:\/\/www.oecd.org\/en\/publications\/oecd-economic-surveys-sweden-2025_75e94b2f-en\/full-report\/strengthening-skills-and-labour-market-matching_3d0464a2.html\" rel=\"nofollow noopener\" target=\"_blank\">OECD<\/a> pekar samst\u00e4mmigt p\u00e5 att skolvalet och konkurrensen inte har h\u00f6jt svenska skolresultat men d\u00e4remot \u00f6kat segregationen och <a href=\"https:\/\/www.skolverket.se\/download\/18.3470a737198e609a47a20702\/1756720450391\/pdf13308.pdf\" rel=\"nofollow noopener\" target=\"_blank\">f\u00f6rsvagat likv\u00e4rdigheten<\/a>.<\/p>\n<p>Vinstdrivna skolor etablerar sig g\u00e4rna i <a href=\"https:\/\/tankesmedjanbalans.se\/skolans-resursfordelningssystem-och-vinstskolelobbyn\" rel=\"nofollow noopener\" target=\"_blank\">socioekonomiskt starka omr\u00e5den<\/a>, v\u00e4ljer aktivt bort elever med st\u00f6rre behov och l\u00e5ter kommunerna ta det tyngsta ansvaret.<\/p>\n<p>Och n\u00e4r marknaden sviktar, som vid JB Educations konkurs, \u00e4r det eleverna som st\u00e5r utan skola. \u00c4garna struttar glatt vidare till n\u00e4sta aff\u00e4r.<\/p>\n<p>Kort sagt: aktiebolagens kortsiktiga l\u00f6nsamhetslogik <a href=\"http:\/\/chrome-extension:\/\/efaidnbmnnnibpcajpcglclefindmkaj\/https:\/\/via.tt.se\/data\/attachments\/00247\/b34f32dc-40ed-4998-b393-4583a5ef24b4.pdf\" rel=\"nofollow\">f\u00f6rst\u00f6r skolans<\/a> l\u00e5ngsiktiga samh\u00e4llsuppdrag.<\/p>\n<p>Alla b\u00f6r hoppas p\u00e5 regeringsskifte<\/p>\n<p>Det h\u00e4r vet alla och alla har vetat det l\u00e4nge.<\/p>\n<p>Det finns f\u00f6rst\u00e5s sk\u00e4l att vara extremt misst\u00e4nksam mot den liberala omorienteringen.<\/p>\n<p>Det var Liberalernas id\u00e9er om konkurrens, valfrihet och effektivitet som \u00f6ppnade d\u00f6rren f\u00f6r aktiebolagen i v\u00e4lf\u00e4rden. Deras f\u00f6retr\u00e4dare har i decennier st\u00e5tt pinsamt n\u00e4ra friskolelobbyn, suttit i deras styrelser och f\u00f6rsvarat vinsterna som ett uttryck f\u00f6r frihet.<\/p>\n<p>Och vilket geh\u00f6r kommer detta ens att f\u00e5 i ett regeringssamarbete d\u00e4r alla \u00f6vriga partier \u00e4lskar v\u00e4lf\u00e4rdens pseudomarknad med garanterad vinst och noll risk?<\/p>\n<p>Den som vill avveckla marknadsskolan b\u00f6r givetvis hoppas p\u00e5 eller aktivt arbeta f\u00f6r ett r\u00f6dgr\u00f6nt regeringsskifte.<\/p>\n<p>Men det g\u00e5r ocks\u00e5 att vara lite hoppfull.<\/p>\n<p>Ny press i vinstfr\u00e5gan<\/p>\n<p>Liberalerna \u2013 som just nu har cirka 2,6 procent av v\u00e4ljarna bakom sig \u2013 s\u00f6ker febrilt efter en fr\u00e5ga som g\u00f6r dem relevanta igen.<\/p>\n<p>Att den fr\u00e5gan \u00e4r aktiebolagens utt\u00e5g ur skolan \u2013 och inte \u00e4nnu ett nytt s\u00e4tt att pl\u00e5ga invandrare \u2013 s\u00e4ger n\u00e5got viktigt. Alla partier kan inte vara SD hela tiden.<\/p>\n<p>I b\u00e4sta fall inneb\u00e4r Mohamssons sk\u00e4rpta retorik en ny press i skolfr\u00e5gan. F\u00f6r f\u00f6rsta g\u00e5ngen finns ett borgerligt parti som kr\u00e4ver utfasning av aktiebolagen. Det g\u00f6r det sv\u00e5rare f\u00f6r h\u00f6gern att kalla Socialdemokraternas och V\u00e4nsterpartiets h\u00e5llning som extremism.<\/p>\n<p>Vi har v\u00e4ntat l\u00e4nge, men Mohamssons utspel f\u00f6r\u00e4ndrar f\u00f6ruts\u00e4ttningarna f\u00f6r att p\u00e5 sikt kunna f\u00f6rbjuda aktiebolag att driva skolor.<\/p>\n<p>Och det \u00e4r ett skifte p\u00e5 riktigt.<\/p>\n<p>Kristersson m\u00e5ste f\u00e5 fr\u00e5gor<\/p>\n<p>Dessutom har Liberalerna effektivt avskaffat Ulf Kristerssons talepunkter om enighet i Tid\u00f6laget.<\/p>\n<p>Det g\u00e5r inte l\u00e4ngre att tala om en bl\u00e5brun sida som \u00e4r \u00f6verens om politiken n\u00e4r ett av regeringspartierna vill montera ned hela den borgerliga skolmodellen.<\/p>\n<p>Nu m\u00e5ste de politiska journalisterna b\u00f6rja st\u00e4lla fr\u00e5gor som faktiskt betyder n\u00e5got.<\/p>\n<p>Som hur l\u00e4nge Ulf Kristersson kan undvika att svara p\u00e5 vad han egentligen tycker om att ett av hans samarbetspartier vill f\u00f6rbjuda aktiebolag i skolan.<\/p>\n","protected":false},"excerpt":{"rendered":"I helgen sl\u00e4ppte Liberalernas partiledare Simona Mohamsson en liten politisk bomb. Vid partiets landsm\u00f6te i november vill partiledningen&hellip;\n","protected":false},"author":2,"featured_media":61216,"comment_status":"","ping_status":"","sticky":false,"template":"","format":"standard","meta":{"footnotes":""},"categories":[5],"tags":[22,23,26,27,17,21,24,25,28,29,15,16,18,34,31,33,32,30,19,20],"class_list":{"0":"post-61215","1":"post","2":"type-post","3":"status-publish","4":"format-standard","5":"has-post-thumbnail","7":"category-rubriker","8":"tag-breaking-news","9":"tag-breakingnews","10":"tag-featured-news","11":"tag-featurednews","12":"tag-headlines","13":"tag-huvudnyheter","14":"tag-latest-news","15":"tag-latestnews","16":"tag-main-news","17":"tag-mainnews","18":"tag-news","19":"tag-nyheter","20":"tag-rubriker","21":"tag-se","22":"tag-svenska","23":"tag-sverige","24":"tag-sweden","25":"tag-swedish","26":"tag-top-stories","27":"tag-topstories"},"share_on_mastodon":{"url":"","error":""},"_links":{"self":[{"href":"https:\/\/www.europesays.com\/se\/wp-json\/wp\/v2\/posts\/61215","targetHints":{"allow":["GET"]}}],"collection":[{"href":"https:\/\/www.europesays.com\/se\/wp-json\/wp\/v2\/posts"}],"about":[{"href":"https:\/\/www.europesays.com\/se\/wp-json\/wp\/v2\/types\/post"}],"author":[{"embeddable":true,"href":"https:\/\/www.europesays.com\/se\/wp-json\/wp\/v2\/users\/2"}],"replies":[{"embeddable":true,"href":"https:\/\/www.europesays.com\/se\/wp-json\/wp\/v2\/comments?post=61215"}],"version-history":[{"count":0,"href":"https:\/\/www.europesays.com\/se\/wp-json\/wp\/v2\/posts\/61215\/revisions"}],"wp:featuredmedia":[{"embeddable":true,"href":"https:\/\/www.europesays.com\/se\/wp-json\/wp\/v2\/media\/61216"}],"wp:attachment":[{"href":"https:\/\/www.europesays.com\/se\/wp-json\/wp\/v2\/media?parent=61215"}],"wp:term":[{"taxonomy":"category","embeddable":true,"href":"https:\/\/www.europesays.com\/se\/wp-json\/wp\/v2\/categories?post=61215"},{"taxonomy":"post_tag","embeddable":true,"href":"https:\/\/www.europesays.com\/se\/wp-json\/wp\/v2\/tags?post=61215"}],"curies":[{"name":"wp","href":"https:\/\/api.w.org\/{rel}","templated":true}]}}