{"id":61217,"date":"2025-10-21T23:26:32","date_gmt":"2025-10-21T23:26:32","guid":{"rendered":"https:\/\/www.europesays.com\/se\/61217\/"},"modified":"2025-10-21T23:26:32","modified_gmt":"2025-10-21T23:26:32","slug":"nytt-spritlarm-i-stockholm-tva-till-sjukhus-efter-fest","status":"publish","type":"post","link":"https:\/\/www.europesays.com\/se\/61217\/","title":{"rendered":"Nytt spritlarm i Stockholm \u2013 tv\u00e5 till sjukhus efter fest"},"content":{"rendered":"<p>Ytterligare tv\u00e5 Stockholmsungdomar har f\u00f6rts till sjukhus med misstanken att de druckit f\u00f6rgiftad sprit, rapporterar Mitt i. Detta efter en fest i Slakthusomr\u00e5det p\u00e5 s\u00f6ndagskv\u00e4llen.<\/p>\n<p>\u2013 Eventuellt r\u00f6r det sig om n\u00e5gon typ av smuggelsprit, s\u00e4ger polisens presstalesperson Daniel Wikdahl.<\/p>\n<p>Flera larm om \u201dfulspriten\u201d har kommit in i helgen, fr\u00e5n stora delar av l\u00e4net. I spriten har det giftiga \u00e4mnet isopropanol uppt\u00e4ckts. I\u202fg\u00e5r eftermiddag skrev TT att tolv personer har beh\u00f6vt v\u00e5rd under helgen.<\/p>\n<p>Fem personer har anh\u00e5llits misst\u00e4nkta f\u00f6r att ha s\u00e5lt alkoholen.<\/p>\n<p>Omni \u00e4r politiskt obundna och oberoende. Vi str\u00e4var efter att ge fler perspektiv p\u00e5 nyheterna. Har du fr\u00e5gor eller synpunkter kring v\u00e5r rapportering? <a href=\"https:\/\/omni.se\/nytt-spritlarm-i-stockholm-tva-till-sjukhus-efter-fest\/a\/mailto:redaktion@omni.se\" class=\"ArticleActions_contactLink__W2F1M\" rel=\"nofollow noopener\" target=\"_blank\">Kontakta redaktionen<\/a><\/p>\n","protected":false},"excerpt":{"rendered":"Ytterligare tv\u00e5 Stockholmsungdomar har f\u00f6rts till sjukhus med misstanken att de druckit f\u00f6rgiftad sprit, rapporterar Mitt i. Detta&hellip;\n","protected":false},"author":2,"featured_media":61218,"comment_status":"","ping_status":"","sticky":false,"template":"","format":"standard","meta":{"footnotes":""},"categories":[12],"tags":[22,23,128,26,27,17,21,24,25,28,29,15,16,18,34,258,127,31,33,32,30,19,20],"class_list":{"0":"post-61217","1":"post","2":"type-post","3":"status-publish","4":"format-standard","5":"has-post-thumbnail","7":"category-sverige","8":"tag-breaking-news","9":"tag-breakingnews","10":"tag-brott","11":"tag-featured-news","12":"tag-featurednews","13":"tag-headlines","14":"tag-huvudnyheter","15":"tag-latest-news","16":"tag-latestnews","17":"tag-main-news","18":"tag-mainnews","19":"tag-news","20":"tag-nyheter","21":"tag-rubriker","22":"tag-se","23":"tag-stockholm","24":"tag-stockholms-lan","25":"tag-svenska","26":"tag-sverige","27":"tag-sweden","28":"tag-swedish","29":"tag-top-stories","30":"tag-topstories"},"share_on_mastodon":{"url":"","error":""},"_links":{"self":[{"href":"https:\/\/www.europesays.com\/se\/wp-json\/wp\/v2\/posts\/61217","targetHints":{"allow":["GET"]}}],"collection":[{"href":"https:\/\/www.europesays.com\/se\/wp-json\/wp\/v2\/posts"}],"about":[{"href":"https:\/\/www.europesays.com\/se\/wp-json\/wp\/v2\/types\/post"}],"author":[{"embeddable":true,"href":"https:\/\/www.europesays.com\/se\/wp-json\/wp\/v2\/users\/2"}],"replies":[{"embeddable":true,"href":"https:\/\/www.europesays.com\/se\/wp-json\/wp\/v2\/comments?post=61217"}],"version-history":[{"count":0,"href":"https:\/\/www.europesays.com\/se\/wp-json\/wp\/v2\/posts\/61217\/revisions"}],"wp:featuredmedia":[{"embeddable":true,"href":"https:\/\/www.europesays.com\/se\/wp-json\/wp\/v2\/media\/61218"}],"wp:attachment":[{"href":"https:\/\/www.europesays.com\/se\/wp-json\/wp\/v2\/media?parent=61217"}],"wp:term":[{"taxonomy":"category","embeddable":true,"href":"https:\/\/www.europesays.com\/se\/wp-json\/wp\/v2\/categories?post=61217"},{"taxonomy":"post_tag","embeddable":true,"href":"https:\/\/www.europesays.com\/se\/wp-json\/wp\/v2\/tags?post=61217"}],"curies":[{"name":"wp","href":"https:\/\/api.w.org\/{rel}","templated":true}]}}