{"id":61227,"date":"2025-10-21T23:48:15","date_gmt":"2025-10-21T23:48:15","guid":{"rendered":"https:\/\/www.europesays.com\/se\/61227\/"},"modified":"2025-10-21T23:48:15","modified_gmt":"2025-10-21T23:48:15","slug":"ai-botar-tipsar-bara-om-tva-olika-partier","status":"publish","type":"post","link":"https:\/\/www.europesays.com\/se\/61227\/","title":{"rendered":"AI-botar tipsar bara om tv\u00e5 olika partier"},"content":{"rendered":"<p>AI-chattbotar \u00e4r \u201dop\u00e5litliga och uppenbart partiska\u201d n\u00e4r de ger v\u00e4ljare r\u00e5d om hur de borde r\u00f6sta. Det sl\u00e5r den nederl\u00e4ndska dataskyddsmyndigheten fast i en rapport inf\u00f6r valet den 29 oktober.<\/p>\n<p>Myndigheten j\u00e4mf\u00f6rde bland annat Chat GPT, Grok och Gemini, och kom fram till att alla hade samma svagheter, skriver The Guardian. <\/p>\n<p>N\u00e4stan oavsett vilka fr\u00e5gor som st\u00e4lldes f\u00f6reslog de testade chattbotarna antingen att anv\u00e4ndaren r\u00f6star p\u00e5 extremh\u00f6gerpartiet PPV eller Gr\u00f6n v\u00e4nster. <\/p>\n<p>\u201dChatbottar kan framst\u00e5 som intelligenta hj\u00e4lpredor, men som st\u00f6d f\u00f6r v\u00e4ljare tr\u00e4ffar de systematiskt fel\u201d, skriver dataskyddsmyndighetens chef Monique Verdier i ett uttalande.<\/p>\n<p>Omni \u00e4r politiskt obundna och oberoende. Vi str\u00e4var efter att ge fler perspektiv p\u00e5 nyheterna. Har du fr\u00e5gor eller synpunkter kring v\u00e5r rapportering? <a href=\"https:\/\/omni.se\/varningen-ai-botar-tipsar-bara-om-tva-olika-partier\/a\/mailto:redaktion@omni.se\" class=\"ArticleActions_contactLink__W2F1M\" rel=\"nofollow noopener\" target=\"_blank\">Kontakta redaktionen<\/a><\/p>\n","protected":false},"excerpt":{"rendered":"AI-chattbotar \u00e4r \u201dop\u00e5litliga och uppenbart partiska\u201d n\u00e4r de ger v\u00e4ljare r\u00e5d om hur de borde r\u00f6sta. Det sl\u00e5r&hellip;\n","protected":false},"author":2,"featured_media":61228,"comment_status":"","ping_status":"","sticky":false,"template":"","format":"standard","meta":{"footnotes":""},"categories":[65],"tags":[72,465,333,70,71,267,5716,334,1629,34,31,33,32,30],"class_list":{"0":"post-61227","1":"post","2":"type-post","3":"status-publish","4":"format-standard","5":"has-post-thumbnail","7":"category-ekonomi","8":"tag-business","9":"tag-chat-gpt","10":"tag-data","11":"tag-economy","12":"tag-ekonomi","13":"tag-europa","14":"tag-geert-wilders","15":"tag-it-hogteknologi","16":"tag-nederlanderna","17":"tag-se","18":"tag-svenska","19":"tag-sverige","20":"tag-sweden","21":"tag-swedish"},"share_on_mastodon":{"url":"","error":""},"_links":{"self":[{"href":"https:\/\/www.europesays.com\/se\/wp-json\/wp\/v2\/posts\/61227","targetHints":{"allow":["GET"]}}],"collection":[{"href":"https:\/\/www.europesays.com\/se\/wp-json\/wp\/v2\/posts"}],"about":[{"href":"https:\/\/www.europesays.com\/se\/wp-json\/wp\/v2\/types\/post"}],"author":[{"embeddable":true,"href":"https:\/\/www.europesays.com\/se\/wp-json\/wp\/v2\/users\/2"}],"replies":[{"embeddable":true,"href":"https:\/\/www.europesays.com\/se\/wp-json\/wp\/v2\/comments?post=61227"}],"version-history":[{"count":0,"href":"https:\/\/www.europesays.com\/se\/wp-json\/wp\/v2\/posts\/61227\/revisions"}],"wp:featuredmedia":[{"embeddable":true,"href":"https:\/\/www.europesays.com\/se\/wp-json\/wp\/v2\/media\/61228"}],"wp:attachment":[{"href":"https:\/\/www.europesays.com\/se\/wp-json\/wp\/v2\/media?parent=61227"}],"wp:term":[{"taxonomy":"category","embeddable":true,"href":"https:\/\/www.europesays.com\/se\/wp-json\/wp\/v2\/categories?post=61227"},{"taxonomy":"post_tag","embeddable":true,"href":"https:\/\/www.europesays.com\/se\/wp-json\/wp\/v2\/tags?post=61227"}],"curies":[{"name":"wp","href":"https:\/\/api.w.org\/{rel}","templated":true}]}}