{"id":61239,"date":"2025-10-22T00:24:24","date_gmt":"2025-10-22T00:24:24","guid":{"rendered":"https:\/\/www.europesays.com\/se\/61239\/"},"modified":"2025-10-22T00:24:24","modified_gmt":"2025-10-22T00:24:24","slug":"ryska-skidakare-stoppas-fran-os-langdskidor","status":"publish","type":"post","link":"https:\/\/www.europesays.com\/se\/61239\/","title":{"rendered":"Ryska skid\u00e5kare stoppas fr\u00e5n OS | L\u00e4ngdskidor"},"content":{"rendered":"<p>Publicerad 21 okt 2025 kl 19.19Uppdaterad kl 21.40<\/p>\n<p>Ryska och belarusiska skid\u00e5kare till\u00e5ts inte t\u00e4vla i OS, meddelar Fis.\u00a0<\/p>\n<p>Nu rasar den ryska skid\u00e5karen Veronika Stepanova.\u00a0<\/p>\n<p>\u2013 Vladimir Putin \u00e4r min president och mitt land har alltid r\u00e4tt, dundrar hon. \u00a0\u00a0<\/p>\n<p>Senaste sportklippen fr\u00e5n Expressen.<img   alt=\"\"\/><\/p>\n<p>Veronika Stepanova \u00e4r kritisk mot Fis beslut.<\/p>\n<p>Foto: LINDSEY WASSON \/ BILDBYR\u00c5N<\/p>\n<p>\u00d6ppna bild i helsk\u00e4rm<img loading=\"lazy\"   alt=\"\"\/> <\/p>\n<p>Foto: LISE \u00c5SERUD \/ NTB TT NYHETSBYR\u00c5N<\/p>\n<p>\u00d6ppna bild i helsk\u00e4rm<img loading=\"lazy\"   alt=\"\"\/> <\/p>\n<p>Foto: SPUTNIK \/ REUTERS BILDBYR\u00c5N<\/p>\n<p>\u00d6ppna bild i helsk\u00e4rm<\/p>\n<p>Under tisdagen sammantr\u00e4dde det internationella skidf\u00f6rbundet, Fis, i ett extrainsatt styrelsem\u00f6te.\u00a0<\/p>\n<p>D\u00e4r avhandlades huruvida ryska och belarusiska skid\u00e5kare skulle till\u00e5tas t\u00e4vla under neutral flagg under s\u00e4songen, f\u00f6r att bland annat kunna kvala till OS i Milano\/Cortina 2026.\u00a0<\/p>\n<p>Nu meddelar man i ett <a href=\"https:\/\/www.fis-ski.com\/inside-fis\/news\/2025-26\/fis-council-votes-not-to-allow-the-participation-of-individual-neutral-athletes-in-qualification-events-for-milano-cortina-2026\" rel=\"nofollow noopener\" target=\"_blank\">uttalande<\/a> att s\u00e5 inte inte blir fallet och d\u00e4rmed stoppas samtliga ut\u00f6vare fr\u00e5n att t\u00e4vla internationellt \u00e4ven den h\u00e4r s\u00e4songen.\u00a0<\/p>\n<p>\u2013 Jag \u00e4r l\u00e4ttad och samtidigt lite stolt faktiskt \u00f6ver att r\u00e5det har tagit det h\u00e4r beslutet, s\u00e4ger Karin Mattsson, Sveriges representant i Fis r\u00e5d.\u00a0<\/p>\n<p><strong>Hur var m\u00f6tet? Var det heta diskussioner?<\/strong><\/p>\n<p>\u2013 Det \u00e4r ingen hemlighet att det finns olika uppfattningar i den h\u00e4r fr\u00e5gan. men jag tycker verkligen vi diskuterade igenom det h\u00e4r ur alla perspektiv. I Sverige och n\u00e5gra andra l\u00e4nder \u00e4r den h\u00e4r fr\u00e5gan inte sv\u00e5r, men andra tycker den \u00e4r sv\u00e5rare.<\/p>\n<p>Ryska stj\u00e4rnan rasar\u00a0<\/p>\n<p>Nu rasar den ryska skid\u00e5karen Veronika Stepanova.\u00a0<\/p>\n<p>\u2013 Det hela \u00e4r v\u00e4ldigt enkelt. Vladimir Putin \u00e4r min president och mitt land har alltid r\u00e4tt. Om det h\u00e4r \u00e4r anledningen till att vissa skumma, anonyma personer inte till\u00e5ter mig att t\u00e4vla internationellt s\u00e5 \u00e4r det ett pris jag \u00e4r redo att betala, dundrar hon till Expressen och forts\u00e4tter:\u00a0<\/p>\n<p>\u2013 Om jag n\u00e5gonsin ser dem skulle jag vilja s\u00e4ga detta: ni bannlyser mig och mina lagkamrater p\u00e5 grund av v\u00e5ra politiska \u00f6vertygelser. H\u00e4rn\u00e4st borde ni bannlysa israeler och amerikaner som st\u00f6ttar Trump. Det \u00e4r det ert system inneb\u00e4r: att avf\u00e4rda m\u00e4nniskor som t\u00e4nker annorlunda.<\/p>\n<p>Vermeulen: \u201dFuck off\u201d\u00a0<\/p>\n<p>Den \u00f6sterrikiske skid\u00e5kare Mika Vermeulen vill inte se ryssar i v\u00e4rldscupen och OS.\u00a0<\/p>\n<p>\u2013 Jag respekterar m\u00e5nga ryssar som har samma v\u00e4rdegrund som mig och \u00e4r trevliga personer. Men sen har du henne som g\u00e5r runt h\u00e4r samtidigt som hon st\u00e5r upp f\u00f6r Putin. Det k\u00e4nns s\u00e5 fel. D\u00e5 k\u00e4nner jag bara: \u201dFuck off\u201d, s\u00e4ger han i podden Skirious Problems.<\/p>\n<p>F\u00f6r Expressen ber\u00e4ttar han att Stepanova en g\u00e5ng i tiden var den f\u00f6rsta ryska \u00e5karen han pratade med.<\/p>\n<p>\u2013 Hon var v\u00e4ldigt snackig, ut\u00e5triktad och h\u00f6ll sig inte bara inom det ryska laget. Det l\u00e5ter konstigt nu, men hon var en v\u00e4ldigt trevlig tjej. Sedan valde hon att v\u00e4nda 180 grader och dra f\u00f6rdelar av den hemska situationen i Ukraina.<\/p>\n<p>Annons<\/p>\n<p>F\u00f6rbundet kritiskt<\/p>\n<p>\u00c4ven det ryska skidf\u00f6rbundet \u00e4r kritiskt till beslutet.\u00a0<\/p>\n<p>\u201dDetta beslut forts\u00e4tter den diskriminerande politiken gentemot v\u00e5ra idrottare, vilket strider mot den grundl\u00e4ggande principen om politisk neutralitet som \u00e4r f\u00f6rankrad i Fis stadgar\u201d, skriver de i ett uttalande.\u00a0<\/p>\n<p>Ryssar och belarusier har varit avst\u00e4ngda fr\u00e5n att t\u00e4vla internationells sedan Rysslands invasion av Ukraina 2022.\u00a0<\/p>\n<p>Internationella olympiska kommitt\u00e9ns (IOK) system att kunna t\u00e4vla under neutral flagg har utformats som en m\u00f6jlig v\u00e4g f\u00f6r idrottare fr\u00e5n Ryssland och Belarus att kunna ta sig till OS. D\u00e4remot \u00e4r det upp till varje enskilt f\u00f6rbund att ta beslut om huruvida det ska till\u00e5tas, och nu har Fis sagt nej igen.\u00a0<\/p>\n<p>Svensken positiv \u2013 s\u00e5gas<\/p>\n<p>Svenske Johan Eliasch, ordf\u00f6rande i Fis, har tidigare uttalat sig positivt kring att v\u00e4lkomna ryska och belarusiska <a href=\"https:\/\/www.expressen.se\/sport\/langdskidor\/fis-bossen-valkomnar-ryska-idrottare-igen\/\" rel=\"nofollow noopener\" target=\"_blank\">\u00e5kare igen. <\/a>\u00a0<\/p>\n<p>F\u00f6r detta har han kritiserats kraftigt och bland annat <a href=\"https:\/\/www.expressen.se\/sport\/langdskidor\/svenske-johan-eliasch-pekas-ut-hjalper-putin\/\" rel=\"nofollow noopener\" target=\"_blank\">anklagats f\u00f6r att \u201dhj\u00e4lpa Putin\u201d<\/a>. I ett brev som skickats till samtliga medlemsl\u00e4nder, undertecknat Eliasch, listas sk\u00e4l till varf\u00f6r det ska f\u00e5 komma tillbaka. \u00a0<\/p>\n<p>\u2013 Internationella olympiska kommit\u00e9n (IOK) vill ha med ryska och belarusiska atleter och Johan Eliasch vill inget annat \u00e4n att bli IOK-president. S\u00e5 han kommer g\u00f6ra vad IOK \u00e4n ber honom g\u00f6ra. Det \u00e4r ren politik, sade norska TV2:s expert Petter Skinstad inf\u00f6r m\u00f6tet.\u00a0<\/p>\n","protected":false},"excerpt":{"rendered":"Publicerad 21 okt 2025 kl 19.19Uppdaterad kl 21.40 Ryska och belarusiska skid\u00e5kare till\u00e5ts inte t\u00e4vla i OS, meddelar&hellip;\n","protected":false},"author":2,"featured_media":61240,"comment_status":"","ping_status":"","sticky":false,"template":"","format":"standard","meta":{"footnotes":""},"categories":[5],"tags":[22,23,26,27,17,21,24,25,28,29,15,16,18,34,857,31,33,32,30,19,20],"class_list":{"0":"post-61239","1":"post","2":"type-post","3":"status-publish","4":"format-standard","5":"has-post-thumbnail","7":"category-rubriker","8":"tag-breaking-news","9":"tag-breakingnews","10":"tag-featured-news","11":"tag-featurednews","12":"tag-headlines","13":"tag-huvudnyheter","14":"tag-latest-news","15":"tag-latestnews","16":"tag-main-news","17":"tag-mainnews","18":"tag-news","19":"tag-nyheter","20":"tag-rubriker","21":"tag-se","22":"tag-sections-langdskidor","23":"tag-svenska","24":"tag-sverige","25":"tag-sweden","26":"tag-swedish","27":"tag-top-stories","28":"tag-topstories"},"share_on_mastodon":{"url":"","error":""},"_links":{"self":[{"href":"https:\/\/www.europesays.com\/se\/wp-json\/wp\/v2\/posts\/61239","targetHints":{"allow":["GET"]}}],"collection":[{"href":"https:\/\/www.europesays.com\/se\/wp-json\/wp\/v2\/posts"}],"about":[{"href":"https:\/\/www.europesays.com\/se\/wp-json\/wp\/v2\/types\/post"}],"author":[{"embeddable":true,"href":"https:\/\/www.europesays.com\/se\/wp-json\/wp\/v2\/users\/2"}],"replies":[{"embeddable":true,"href":"https:\/\/www.europesays.com\/se\/wp-json\/wp\/v2\/comments?post=61239"}],"version-history":[{"count":0,"href":"https:\/\/www.europesays.com\/se\/wp-json\/wp\/v2\/posts\/61239\/revisions"}],"wp:featuredmedia":[{"embeddable":true,"href":"https:\/\/www.europesays.com\/se\/wp-json\/wp\/v2\/media\/61240"}],"wp:attachment":[{"href":"https:\/\/www.europesays.com\/se\/wp-json\/wp\/v2\/media?parent=61239"}],"wp:term":[{"taxonomy":"category","embeddable":true,"href":"https:\/\/www.europesays.com\/se\/wp-json\/wp\/v2\/categories?post=61239"},{"taxonomy":"post_tag","embeddable":true,"href":"https:\/\/www.europesays.com\/se\/wp-json\/wp\/v2\/tags?post=61239"}],"curies":[{"name":"wp","href":"https:\/\/api.w.org\/{rel}","templated":true}]}}