{"id":61242,"date":"2025-10-22T00:40:25","date_gmt":"2025-10-22T00:40:25","guid":{"rendered":"https:\/\/www.europesays.com\/se\/61242\/"},"modified":"2025-10-22T00:40:25","modified_gmt":"2025-10-22T00:40:25","slug":"efter-skilsmassan-kanns-livet-tomt-psykologen-svarar","status":"publish","type":"post","link":"https:\/\/www.europesays.com\/se\/61242\/","title":{"rendered":"\u201dEfter skilsm\u00e4ssan k\u00e4nns livet tomt\u201d \u2013 psykologen svarar"},"content":{"rendered":"<p><strong>Fr\u00e5ga: <\/strong>Vid 61 \u00e5rs \u00e5lder k\u00e4nner jag mig vilsen i livet. Hela mitt tidigare liv har varit utstakat: utbildning, jobb, barn, familj, hus, karri\u00e4r&#8230; allt gick i ett mycket h\u00f6gt tempo. Efter skilsm\u00e4ssa och utflugna barn har jag visserligen jobbet kvar men det k\u00e4nns \u00e4nd\u00e5 tomt och ensamt.<\/p>\n<p>Jag f\u00f6rs\u00f6ker fylla livet med bokklubb, v\u00e4ninnor, tr\u00e4ning och en och en annan resa men jag saknar f\u00e4rdriktningen och ett m\u00e5l fram\u00e5t. Vad ska jag g\u00f6ra n\u00e4r jag g\u00e5r i pension? Att resa ensam k\u00e4nns inte s\u00e5 lockande. Det verkar tyv\u00e4rr ocks\u00e5 sv\u00e5rt att tr\u00e4ffa n\u00e5gon ny partner. Jag har f\u00f6rs\u00f6kt men alla har sina liv och det \u00e4r sv\u00e5rt att hitta n\u00e5gon som passar. Jag gillar inte att segla, exempelvis.<\/p>\n","protected":false},"excerpt":{"rendered":"Fr\u00e5ga: Vid 61 \u00e5rs \u00e5lder k\u00e4nner jag mig vilsen i livet. Hela mitt tidigare liv har varit utstakat:&hellip;\n","protected":false},"author":2,"featured_media":61243,"comment_status":"","ping_status":"","sticky":false,"template":"","format":"standard","meta":{"footnotes":""},"categories":[5],"tags":[22,23,26,27,17,21,24,25,28,29,15,16,18,34,31,33,32,30,19,20],"class_list":{"0":"post-61242","1":"post","2":"type-post","3":"status-publish","4":"format-standard","5":"has-post-thumbnail","7":"category-rubriker","8":"tag-breaking-news","9":"tag-breakingnews","10":"tag-featured-news","11":"tag-featurednews","12":"tag-headlines","13":"tag-huvudnyheter","14":"tag-latest-news","15":"tag-latestnews","16":"tag-main-news","17":"tag-mainnews","18":"tag-news","19":"tag-nyheter","20":"tag-rubriker","21":"tag-se","22":"tag-svenska","23":"tag-sverige","24":"tag-sweden","25":"tag-swedish","26":"tag-top-stories","27":"tag-topstories"},"share_on_mastodon":{"url":"","error":""},"_links":{"self":[{"href":"https:\/\/www.europesays.com\/se\/wp-json\/wp\/v2\/posts\/61242","targetHints":{"allow":["GET"]}}],"collection":[{"href":"https:\/\/www.europesays.com\/se\/wp-json\/wp\/v2\/posts"}],"about":[{"href":"https:\/\/www.europesays.com\/se\/wp-json\/wp\/v2\/types\/post"}],"author":[{"embeddable":true,"href":"https:\/\/www.europesays.com\/se\/wp-json\/wp\/v2\/users\/2"}],"replies":[{"embeddable":true,"href":"https:\/\/www.europesays.com\/se\/wp-json\/wp\/v2\/comments?post=61242"}],"version-history":[{"count":0,"href":"https:\/\/www.europesays.com\/se\/wp-json\/wp\/v2\/posts\/61242\/revisions"}],"wp:featuredmedia":[{"embeddable":true,"href":"https:\/\/www.europesays.com\/se\/wp-json\/wp\/v2\/media\/61243"}],"wp:attachment":[{"href":"https:\/\/www.europesays.com\/se\/wp-json\/wp\/v2\/media?parent=61242"}],"wp:term":[{"taxonomy":"category","embeddable":true,"href":"https:\/\/www.europesays.com\/se\/wp-json\/wp\/v2\/categories?post=61242"},{"taxonomy":"post_tag","embeddable":true,"href":"https:\/\/www.europesays.com\/se\/wp-json\/wp\/v2\/tags?post=61242"}],"curies":[{"name":"wp","href":"https:\/\/api.w.org\/{rel}","templated":true}]}}