{"id":61255,"date":"2025-10-22T02:17:14","date_gmt":"2025-10-22T02:17:14","guid":{"rendered":"https:\/\/www.europesays.com\/se\/61255\/"},"modified":"2025-10-22T02:17:14","modified_gmt":"2025-10-22T02:17:14","slug":"cancern-foljdes-inte-upp-av-varden-blev-obotlig","status":"publish","type":"post","link":"https:\/\/www.europesays.com\/se\/61255\/","title":{"rendered":"Cancern f\u00f6ljdes inte upp av v\u00e5rden \u2013 blev obotlig"},"content":{"rendered":"<p class=\"boxtextgrotesk-root_baa6 hyperion-css-7pajle\">Publicerad 2025-10-21 22.57<\/p>\n<p>share-arrowDela<\/p>\n<p>unsaveSpara<\/p>\n<p>expand-left<\/p>\n<p>helsk\u00e4rm<img decoding=\"async\" class=\"image-asset hyperion-css-u06ts1\" data-test-tag=\"image-asset\" src=\"https:\/\/www.europesays.com\/se\/wp-content\/uploads\/2025\/10\/81fe4e30-02d3-4f00-9ac8-bfca66143c5f\"  alt=\"En kvinnas cancer f\u00f6ljdes inte upp ordentligt och spred sig som f\u00f6ljd. Arkivbild.\"  loading=\"eager\" fetchpriority=\"high\" style=\"aspect-ratio:1900 \/ 1286\"\/>En kvinnas cancer f\u00f6ljdes inte upp ordentligt och spred sig som f\u00f6ljd. Arkivbild. Foto: Fredrik Sandberg\/TT<\/p>\n<p class=\"hyperion-css-1v9qo5x\">En kvinna i 70-\u00e5rs\u00e5ldern som v\u00e5rdats f\u00f6r br\u00f6st- och levercancer fick inte en ordentlig uppf\u00f6ljning fr\u00e5n sjukhuset, rapporterar P4 Kalmar i Sveriges Radio.<\/p>\n<p class=\"hyperion-css-1v9qo5x\">Kontrollerna skulle ske var fj\u00e4rde m\u00e5nad, men vid det f\u00f6rsta tillf\u00e4llet gjordes bed\u00f6mningen att allt var normalt, och sedan \u201df\u00f6ll hon ur uppf\u00f6ljningen\u201d, enligt sjukhuset.<\/p>\n<p class=\"hyperion-css-1v9qo5x\">N\u00e4r kvinnan ett \u00e5r senare s\u00f6kte hj\u00e4lp f\u00f6r andf\u00e5ddhet uppt\u00e4cktes att cancern spridit dig och att den inte l\u00e4ngre gick att behandla.<\/p>\n<p class=\"hyperion-css-1v9qo5x\">Sjukhuset har lex Maria-anm\u00e4lt sig sj\u00e4lvt.<\/p>\n","protected":false},"excerpt":{"rendered":"Publicerad 2025-10-21 22.57 share-arrowDela unsaveSpara expand-left helsk\u00e4rmEn kvinnas cancer f\u00f6ljdes inte upp ordentligt och spred sig som f\u00f6ljd.&hellip;\n","protected":false},"author":2,"featured_media":61256,"comment_status":"","ping_status":"","sticky":false,"template":"","format":"standard","meta":{"footnotes":""},"categories":[5],"tags":[22,23,26,27,17,21,24,25,28,29,15,16,18,34,31,33,32,30,19,20],"class_list":{"0":"post-61255","1":"post","2":"type-post","3":"status-publish","4":"format-standard","5":"has-post-thumbnail","7":"category-rubriker","8":"tag-breaking-news","9":"tag-breakingnews","10":"tag-featured-news","11":"tag-featurednews","12":"tag-headlines","13":"tag-huvudnyheter","14":"tag-latest-news","15":"tag-latestnews","16":"tag-main-news","17":"tag-mainnews","18":"tag-news","19":"tag-nyheter","20":"tag-rubriker","21":"tag-se","22":"tag-svenska","23":"tag-sverige","24":"tag-sweden","25":"tag-swedish","26":"tag-top-stories","27":"tag-topstories"},"share_on_mastodon":{"url":"","error":""},"_links":{"self":[{"href":"https:\/\/www.europesays.com\/se\/wp-json\/wp\/v2\/posts\/61255","targetHints":{"allow":["GET"]}}],"collection":[{"href":"https:\/\/www.europesays.com\/se\/wp-json\/wp\/v2\/posts"}],"about":[{"href":"https:\/\/www.europesays.com\/se\/wp-json\/wp\/v2\/types\/post"}],"author":[{"embeddable":true,"href":"https:\/\/www.europesays.com\/se\/wp-json\/wp\/v2\/users\/2"}],"replies":[{"embeddable":true,"href":"https:\/\/www.europesays.com\/se\/wp-json\/wp\/v2\/comments?post=61255"}],"version-history":[{"count":0,"href":"https:\/\/www.europesays.com\/se\/wp-json\/wp\/v2\/posts\/61255\/revisions"}],"wp:featuredmedia":[{"embeddable":true,"href":"https:\/\/www.europesays.com\/se\/wp-json\/wp\/v2\/media\/61256"}],"wp:attachment":[{"href":"https:\/\/www.europesays.com\/se\/wp-json\/wp\/v2\/media?parent=61255"}],"wp:term":[{"taxonomy":"category","embeddable":true,"href":"https:\/\/www.europesays.com\/se\/wp-json\/wp\/v2\/categories?post=61255"},{"taxonomy":"post_tag","embeddable":true,"href":"https:\/\/www.europesays.com\/se\/wp-json\/wp\/v2\/tags?post=61255"}],"curies":[{"name":"wp","href":"https:\/\/api.w.org\/{rel}","templated":true}]}}