{"id":61261,"date":"2025-10-22T02:41:08","date_gmt":"2025-10-22T02:41:08","guid":{"rendered":"https:\/\/www.europesays.com\/se\/61261\/"},"modified":"2025-10-22T02:41:08","modified_gmt":"2025-10-22T02:41:08","slug":"misstankt-farligt-foremal-i-eslov","status":"publish","type":"post","link":"https:\/\/www.europesays.com\/se\/61261\/","title":{"rendered":"Misst\u00e4nkt farligt f\u00f6rem\u00e5l i Esl\u00f6v"},"content":{"rendered":"<p>\u2013 Vi fick in iakttagelser om att det kunde ligga n\u00e5got farligt utanf\u00f6r en fastighet. N\u00e4r vi kom dit gjorde vi ocks\u00e5 bed\u00f6mningen att f\u00f6rem\u00e5let kunde vara farligt, s\u00e4ger Ola Sunesson Almstr\u00f6m, vakthavande bef\u00e4l vid polisen.<\/p>\n<p>Delar av fastigheten har utrymts. Polisen rubricerar \u00e4rendet som f\u00f6rs\u00f6k till allm\u00e4nfarlig \u00f6del\u00e4ggelse och grovt brott mot brandfarliga och explosiva varor.<\/p>\n<p>\u2013 Vi har sp\u00e4rrat av platsen och inkallat nationella bombskyddet, s\u00e4ger Ola Sunesson Almstr\u00f6m.<\/p>\n<p>Larmet om f\u00f6rem\u00e5let kom in kring klockan 02.00 under natten mot onsdag. <\/p>\n","protected":false},"excerpt":{"rendered":"\u2013 Vi fick in iakttagelser om att det kunde ligga n\u00e5got farligt utanf\u00f6r en fastighet. N\u00e4r vi kom&hellip;\n","protected":false},"author":2,"featured_media":793,"comment_status":"","ping_status":"","sticky":false,"template":"","format":"standard","meta":{"footnotes":""},"categories":[5],"tags":[22,23,26,27,17,21,24,25,28,29,15,16,18,34,31,33,32,30,19,20],"class_list":{"0":"post-61261","1":"post","2":"type-post","3":"status-publish","4":"format-standard","5":"has-post-thumbnail","7":"category-rubriker","8":"tag-breaking-news","9":"tag-breakingnews","10":"tag-featured-news","11":"tag-featurednews","12":"tag-headlines","13":"tag-huvudnyheter","14":"tag-latest-news","15":"tag-latestnews","16":"tag-main-news","17":"tag-mainnews","18":"tag-news","19":"tag-nyheter","20":"tag-rubriker","21":"tag-se","22":"tag-svenska","23":"tag-sverige","24":"tag-sweden","25":"tag-swedish","26":"tag-top-stories","27":"tag-topstories"},"share_on_mastodon":{"url":"","error":""},"_links":{"self":[{"href":"https:\/\/www.europesays.com\/se\/wp-json\/wp\/v2\/posts\/61261","targetHints":{"allow":["GET"]}}],"collection":[{"href":"https:\/\/www.europesays.com\/se\/wp-json\/wp\/v2\/posts"}],"about":[{"href":"https:\/\/www.europesays.com\/se\/wp-json\/wp\/v2\/types\/post"}],"author":[{"embeddable":true,"href":"https:\/\/www.europesays.com\/se\/wp-json\/wp\/v2\/users\/2"}],"replies":[{"embeddable":true,"href":"https:\/\/www.europesays.com\/se\/wp-json\/wp\/v2\/comments?post=61261"}],"version-history":[{"count":0,"href":"https:\/\/www.europesays.com\/se\/wp-json\/wp\/v2\/posts\/61261\/revisions"}],"wp:featuredmedia":[{"embeddable":true,"href":"https:\/\/www.europesays.com\/se\/wp-json\/wp\/v2\/media\/793"}],"wp:attachment":[{"href":"https:\/\/www.europesays.com\/se\/wp-json\/wp\/v2\/media?parent=61261"}],"wp:term":[{"taxonomy":"category","embeddable":true,"href":"https:\/\/www.europesays.com\/se\/wp-json\/wp\/v2\/categories?post=61261"},{"taxonomy":"post_tag","embeddable":true,"href":"https:\/\/www.europesays.com\/se\/wp-json\/wp\/v2\/tags?post=61261"}],"curies":[{"name":"wp","href":"https:\/\/api.w.org\/{rel}","templated":true}]}}