{"id":61262,"date":"2025-10-22T02:49:21","date_gmt":"2025-10-22T02:49:21","guid":{"rendered":"https:\/\/www.europesays.com\/se\/61262\/"},"modified":"2025-10-22T02:49:21","modified_gmt":"2025-10-22T02:49:21","slug":"lagpresentation-hf-vast-f15-lag-4-och-5","status":"publish","type":"post","link":"https:\/\/www.europesays.com\/se\/61262\/","title":{"rendered":"Lagpresentation: HF V\u00e4st F15 lag 4 och 5"},"content":{"rendered":"<p class=\"normal\"><strong>Vad har ni f\u00f6r fokus i f\u00f6rberedelserna inf\u00f6r Sverigecupen?<\/strong><br \/>L\u00e4ra k\u00e4nna varandra och spela ihop oss i v\u00e5ra lag. Inf\u00f6r cupen g\u00e4ller det att f\u00f6rbereda kroppen med bra mat och s\u00f6mn.<\/p>\n<p><strong>Vilka f\u00f6rv\u00e4ntningar har ni p\u00e5 Sverigecupen?<\/strong><br \/>Att det kommer bli en rolig turnering med mycket intryck d\u00e4r man f\u00e5r m\u00f6ta bra spelare fr\u00e5n hela Sverige. Att det kommer bli tufft men j\u00e4ttekul och att man f\u00e5r l\u00e4ra k\u00e4nna m\u00e5nga nya personer.<\/p>\n<p class=\"normal\"><strong>Hur ser ni p\u00e5 Sverigecupen som en del av spelarnas utvecklingsresa?<\/strong><br \/>Det \u00e4r en l\u00e4rdom att man f\u00e5r tr\u00e4na och spela med nya spelare, d\u00e5 l\u00e4r man sig av andra och utmanar sig sj\u00e4lv. Det \u00e4r ocks\u00e5 l\u00e4rorikt att man f\u00e5r se mycket bra handboll, \u00e4ven fr\u00e5n andra regioner \u00e4n de man vanligtvis m\u00f6ter.<\/p>\n<p class=\"normal\"><strong>Hur bygger ni lagk\u00e4nsla n\u00e4r spelare kommer fr\u00e5n olika klubbar i distriktet?<\/strong><br \/>Vi pratar mycket, hejar, uppmuntrar och peppar f\u00f6r att skapa go st\u00e4mning.<\/p>\n<p class=\"normal\"><strong>Vad \u00e4r det roligaste med att vara p\u00e5 Sverigecupen?<\/strong><br \/>Att f\u00e5 uppleva st\u00e4mningen med s\u00e5 mycket folk som kollar, f\u00e5 h\u00e4nga med nya kompisar, och att vinna matcher kommer s\u00e5klart vara roligt!<\/p>\n<p class=\"normal\"><strong>Om ni skulle beskriva Sverigecupen med tre ord \u2013 vilka skulle du v\u00e4lja?<\/strong><br \/>Sp\u00e4nnande, L\u00e4rorikt, Handbollsgemenskap<\/p>\n<p class=\"normal\"><strong>Vad tror ni spelarna kommer minnas mest fr\u00e5n helgen?<\/strong><br \/>Upplevelsen, nya kompisar och g\u00e4rna en medalj!<\/p>\n<p class=\"normal\"><strong>N\u00e5gra ord som beskriver ert lag?<\/strong><br \/>Roliga, Peppande, Annorlunda (sagt med ett skratt)<\/p>\n<p class=\"normal\"><strong>Vad betyder Sverigecupen f\u00f6r er som ledare?<\/strong><br \/>Precis som spelarna uttrycker s\u00e5 delar vi \u00e5sikten att det \u00e4r en l\u00e4rorik upplevelse som kan ge fina handbollsminnen att ta med sig.<\/p>\n<p class=\"normal\"><strong>Vilka f\u00f6reningar kommer spelarna ifr\u00e5n?<\/strong><br \/>Spelarna i lag 4 och 5 kommer fr\u00e5n samma region av HF v\u00e4st och representeras av f\u00f6ljande f\u00f6reningar; Alings\u00e5s HK, Habo HK, HK Country, HK Lidk\u00f6ping, IF Hallby HK, KFUM IK Ulricehamn, Skara HF och Sk\u00f6vde HF.<\/p>\n<p class=\"normal\">\/\/Spelare och ledare fr\u00e5n HF v\u00e4st F15 lag 4 och 5<\/p>\n<p class=\"normal\">Vi \u00f6nskar HF V\u00e4st F15 lag 4 och 5 stort lycka till!<\/p>\n<p class=\"normal\">F\u00f6r livescore, matcher, resultat och tabeller \u2013 ladda ner appen Profixio.<\/p>\n<p class=\"normal\">Handboll Play s\u00e4nder alla matcherna fr\u00e5n Sverigecupen. Se dem live eller n\u00e4r du vill. Fram t o m 2 november kan du ta del av ett early bird-erbjudande f\u00f6r Sverigecupen.<\/p>\n<p class=\"normal\">P\u00e5 Instagram kan du f\u00f6lja Sverigecupen under kontot @svenskhandboll.officiell och under hashtaggen #sverigecupen. Kontot kommer ge kortare uppdateringar under dagarna samt presentera s\u00e5v\u00e4l domare som lag som deltar.<\/p>\n<p class=\"normal\"><a href=\"https:\/\/www.profixio.com\/app\/lx\/competition\/leagueid18072\" rel=\"nofollow noopener\" target=\"_blank\">Till Profixio L\u00e4nk till annan webbplats.<\/a><br \/><a href=\"https:\/\/handbollplay.se\/sverigecupen\" rel=\"nofollow noopener\" target=\"_blank\">Till Handboll Play L\u00e4nk till annan webbplats.<\/a><br \/><a href=\"https:\/\/svenskhandboll.se\/handboll-i-sverige\/tavling\/sverigecupen\" rel=\"nofollow noopener\" target=\"_blank\">Till Sverigecupens hemsida L\u00e4nk till annan webbplats.<\/a><br \/><a href=\"https:\/\/svenskhandboll.se\/handboll-i-sverige\/tavling\/sverigecupen\/lag--och-domarpresentationer\" rel=\"nofollow noopener\" target=\"_blank\">Till lag- och domarpresentationer<\/a><\/p>\n<p class=\"normal\"><strong>V\u00e4lkommen p\u00e5 f\u00f6rel\u00e4sning<br \/><\/strong>\u2013 Framtidens handbollsspelare<\/p>\n<p class=\"normal\">Under l\u00f6rdagskv\u00e4llen kommer Svenska Handbollf\u00f6rbundet arrangera en f\u00f6rel\u00e4sning som riktar sig till m\u00e5lgruppen tr\u00e4nare, ledare och spelare 15\u00e5r och \u00e4ldre. F\u00f6rel\u00e4sningen \u00e4r gratis men det kr\u00e4vs anm\u00e4lan. F\u00f6rel\u00e4sningen kommer ta upp f\u00f6ljande \u00e4mnen;<\/p>\n<ul class=\" normal\">\n<li>Skillnaden mellan det nationella och internationella perspektivet<\/li>\n<li>F\u00f6rsvarsspel<\/li>\n<li>Omst\u00e4llningsspel<\/li>\n<li>Sp\u00e4rrspel<\/li>\n<\/ul>\n<p class=\"normal\"><strong>Datum:<\/strong> 8 november kl. 20.30-21.30<br \/><strong>Plats: <\/strong>Rosvalla arenor v\u00e5ning 3<\/p>\n<p class=\"normal\"><a href=\"https:\/\/educationwebregistration.idrottonline.se\/home\/index\/2120211\" rel=\"nofollow noopener\" target=\"_blank\">Anm\u00e4l dig h\u00e4r L\u00e4nk till annan webbplats.<\/a><\/p>\n<p class=\"normal\"><strong>#schysstmatch och fair play<\/strong><br \/>I Sverigecupen spelar vi handboll enligt <a href=\"https:\/\/svenskhandboll.se\/handboll-i-sverige\/schysstmatch\" rel=\"nofollow noopener\" target=\"_blank\">#schysstmatch<\/a>. Sverigecupens schysstaste lag kommer tilldelas ett Fair play-pris fr\u00e5n Sundstr\u00f6m Safety. Se till att bidra till en schysst match p\u00e5 l\u00e4ktaren du med!<\/p>\n<p><a href=\"https:\/\/svenskhandboll.se\/handboll-i-sverige\/tavling\/sverigecupen\/besokare\" rel=\"nofollow noopener\" target=\"_blank\">\u00c4r du bes\u00f6kare p\u00e5 Sverigecupen och i Nyk\u00f6ping? L\u00e4s mer h\u00e4r<\/a><br \/><strong><br \/>Sporthelg i Nyk\u00f6ping<br \/><\/strong>Helgen 7-9 november \u00e4r en h\u00e4rlig sporthelg i Nyk\u00f6ping och Rosvalla Arenor. Samtidigt som Sverigecupen kommer \u00e4ven en fyrnationersturnering i innebandy, Euro Floorball Tour (EFT), att arrangeras. Var uppm\u00e4rksam p\u00e5 skyltning b\u00e5de inne i arenan samt vid parkeringsomr\u00e5det s\u00e5 du hittar r\u00e4tt p\u00e5 ett l\u00e4tt s\u00e4tt.<\/p>\n","protected":false},"excerpt":{"rendered":"Vad har ni f\u00f6r fokus i f\u00f6rberedelserna inf\u00f6r Sverigecupen?L\u00e4ra k\u00e4nna varandra och spela ihop oss i v\u00e5ra lag.&hellip;\n","protected":false},"author":2,"featured_media":61263,"comment_status":"","ping_status":"","sticky":false,"template":"","format":"standard","meta":{"footnotes":""},"categories":[5],"tags":[22,23,26,27,17,21,24,25,28,29,15,16,18,34,31,33,32,30,19,20],"class_list":{"0":"post-61262","1":"post","2":"type-post","3":"status-publish","4":"format-standard","5":"has-post-thumbnail","7":"category-rubriker","8":"tag-breaking-news","9":"tag-breakingnews","10":"tag-featured-news","11":"tag-featurednews","12":"tag-headlines","13":"tag-huvudnyheter","14":"tag-latest-news","15":"tag-latestnews","16":"tag-main-news","17":"tag-mainnews","18":"tag-news","19":"tag-nyheter","20":"tag-rubriker","21":"tag-se","22":"tag-svenska","23":"tag-sverige","24":"tag-sweden","25":"tag-swedish","26":"tag-top-stories","27":"tag-topstories"},"share_on_mastodon":{"url":"","error":""},"_links":{"self":[{"href":"https:\/\/www.europesays.com\/se\/wp-json\/wp\/v2\/posts\/61262","targetHints":{"allow":["GET"]}}],"collection":[{"href":"https:\/\/www.europesays.com\/se\/wp-json\/wp\/v2\/posts"}],"about":[{"href":"https:\/\/www.europesays.com\/se\/wp-json\/wp\/v2\/types\/post"}],"author":[{"embeddable":true,"href":"https:\/\/www.europesays.com\/se\/wp-json\/wp\/v2\/users\/2"}],"replies":[{"embeddable":true,"href":"https:\/\/www.europesays.com\/se\/wp-json\/wp\/v2\/comments?post=61262"}],"version-history":[{"count":0,"href":"https:\/\/www.europesays.com\/se\/wp-json\/wp\/v2\/posts\/61262\/revisions"}],"wp:featuredmedia":[{"embeddable":true,"href":"https:\/\/www.europesays.com\/se\/wp-json\/wp\/v2\/media\/61263"}],"wp:attachment":[{"href":"https:\/\/www.europesays.com\/se\/wp-json\/wp\/v2\/media?parent=61262"}],"wp:term":[{"taxonomy":"category","embeddable":true,"href":"https:\/\/www.europesays.com\/se\/wp-json\/wp\/v2\/categories?post=61262"},{"taxonomy":"post_tag","embeddable":true,"href":"https:\/\/www.europesays.com\/se\/wp-json\/wp\/v2\/tags?post=61262"}],"curies":[{"name":"wp","href":"https:\/\/api.w.org\/{rel}","templated":true}]}}