{"id":61270,"date":"2025-10-22T03:16:07","date_gmt":"2025-10-22T03:16:07","guid":{"rendered":"https:\/\/www.europesays.com\/se\/61270\/"},"modified":"2025-10-22T03:16:07","modified_gmt":"2025-10-22T03:16:07","slug":"elisabeth-asbrink-skriver-om-saknaden-efter-en-mamma-sa-bra-ar-rekviem-for-en-mor-las-recensionen","status":"publish","type":"post","link":"https:\/\/www.europesays.com\/se\/61270\/","title":{"rendered":"Elisabeth \u00c5sbrink skriver om saknaden efter en mamma \u2022 S\u00e5 bra \u00e4r \u201dRekviem f\u00f6r en mor\u201d \u2013\u00a0l\u00e4s recensionen"},"content":{"rendered":"<p>Publicerad 22 okt 2025 kl 05.00<\/p>\n<p>\u201dRekviem f\u00f6r en mor\u201d \u00e4r Elisabeth \u00c5sbrinks sorgebok efter mammans d\u00f6d.<\/p>\n<p>Annina Rabe m\u00f6ter bilden av en karismatisk och komplicerad kvinna.\u00a0<\/p>\n<p><img   alt=\"\"\/><\/p>\n<p>Elisabeth \u00c5sbrink s\u00e4tter ord p\u00e5 sorgen efter sin mammas d\u00f6d.<\/p>\n<p>Foto: S\u00f6ren Vilks \/ Polaris<\/p>\n<p>\u00d6ppna bild i helsk\u00e4rm<img loading=\"lazy\"   alt=\"\"\/><\/p>\n<p>Annina Rabe \u00e4r kritiker p\u00e5 Expressens kultursida.<\/p>\n<p>Foto: PRIVAT<\/p>\n<p>\u00d6ppna bild i helsk\u00e4rm<\/p>\n<p><strong>RECENSION. <\/strong>Hur s\u00e4tter man ord p\u00e5 sorg och varf\u00f6r? \u00d6ver trettio \u00e5r sedan min mamma dog och tretton \u00e5r sedan min pappa gick ur tiden, och fortfarande dras jag ofelbart till litteratur som handlar om sorg. Vad \u00e4r det jag s\u00f6ker, nu efter s\u00e5 m\u00e5nga \u00e5r? I b\u00f6rjan handlade det nog mycket om identifikation, mer \u00e4n vad man borde erk\u00e4nna som litteraturkritiker. Jag ville hitta orden f\u00f6r allt det jag k\u00e4nde. Numera brukar jag t\u00e4nka att det \u00e4r ett mer litter\u00e4rt intresse f\u00f6r hur sorg och f\u00f6rlust kan gestaltas. Fast jag vet inte vem jag lurar. En del av mig vill fortfarande bara girigt \u00e5t den d\u00e4r h\u00e5rda, svarta och obegripliga sorgek\u00e4rnan.<\/p>\n<p><img loading=\"lazy\"   alt=\"\"\/> <\/p>\n<p>Foto: Polaris<\/p>\n<p>\u00d6ppna bild i helsk\u00e4rm<\/p>\n<p><strong>Elisabeth \u00c5sbrink <\/strong>rekommenderas av en v\u00e4n att l\u00e4sa <strong>Roland Barthes<\/strong> \u201dSorgedagbok\u201d efter sin mammas bortg\u00e5ng. Hon g\u00f6r det, men hittar inte det hon s\u00f6ker. Hon \u00e4r inte Roland Barthes, och hans maman \u00e4r definitivt inte hennes: \u201dDen k\u00e4rlek han r\u00f6r vid, sj\u00e4lva essensen i hans f\u00f6rlust n\u00e4r hon d\u00f6r, blir f\u00f6r mig en v\u00e4gg.\u201d Om att st\u00e5ngas mot den v\u00e4ggen handlar en stor del av hennes egen sorgebok, den tunna \u201dRekviem f\u00f6r en mor\u201d. Det \u00e4r tungt och sv\u00e5rt att s\u00f6rja n\u00e5gon man vet att man har \u00e4lskat. Men om den som d\u00f6r dessutom \u00e4r n\u00e5gon man har haft ytterst ambivalenta k\u00e4nslor inf\u00f6r, ja rentav \u00e4r heligt f\u00f6rbannad p\u00e5, blir ju sorgen s\u00e5 o\u00e4ndligt mycket mer komplicerad.\u00a0<\/p>\n<p>Elisabeth \u00c5sbrink beskriver inte i f\u00f6rsta hand f\u00f6rlusten efter sin mamma; det \u00e4r i m\u00e5ngt och mycket saknaden efter en mamma som ekar fr\u00e5n sidorna. I korta precisa texter framtr\u00e4der bilden av en karismatisk och komplicerad kvinna som varit allt annat \u00e4n l\u00e4tt att ha som mor. Moderns st\u00e4ndiga hot om sj\u00e4lvmord pr\u00e4glar \u00c5sbrinks uppv\u00e4xt. Tv\u00e5 g\u00e5nger g\u00f6r hon ocks\u00e5 verklighet av hoten. Hon \u00e4r lynnig, kritisk och d\u00f6mande, rent elak ibland. Men framf\u00f6r allt \u00e4r det tystnaden kring vissa \u00e4mnen: familjens judiska bakgrund som aldrig f\u00e5r n\u00e4mnas. Inte heller dotterns ungerska pappa. Den som har l\u00e4st \u00c5sbrinks fiktionaliserade familjehistoria \u201d\u00d6vergivenheten\u201d f\u00e5r en fylligare bakgrund till den s\u00e5riga historien \u00e4n vad som ges h\u00e4r. Det h\u00e4r \u00e4r inte en bok om <a href=\"https:\/\/www.expressen.se\/tagg\/person\/elisabeth-asbrink\/\" class=\"\" rel=\"nofollow noopener\" target=\"_blank\">Elisabeth \u00c5sbrinks<\/a> mamma \u2013 det \u00e4r en bok om hur en dotter hanterar f\u00f6rlusten av n\u00e5gon som v\u00e4cker lika mycket okontrollerad vrede som \u00f6mhet.<\/p>\n<blockquote><p>\u00c4r \u00e4mnet s\u00e5 stort och sv\u00e5rt att man bara kan n\u00e4rma sig det i korta stycken?<\/p><\/blockquote>\n<p>Hur s\u00e4tter man ord p\u00e5 sorg och varf\u00f6r? N\u00e4r jag l\u00e4ser den h\u00e4r pregnanta boken funderar jag \u00f6ver varf\u00f6r s\u00e5 mycket sorgelitteratur \u00e4r skriven i det kortfattade och sparsmakade formatet. \u00c4r \u00e4mnet s\u00e5 stort och sv\u00e5rt att man bara kan n\u00e4rma sig det i korta stycken? Jag tycker mycket om \u201dRekviem f\u00f6r en mor\u201d; hur den r\u00e5tt och osentimentalt visar de mer taggiga sidorna av sorg. Hur den stundtals \u00e4nd\u00e5 v\u00e5gar sl\u00e4ppa in ett visst m\u00e5tt av sentimentalitet. Men jag kan \u00e4nd\u00e5 inte l\u00e5ta bli att undra \u00f6ver allt det som utel\u00e4mnats fr\u00e5n de glesa vita sidorna.\u00a0<\/p>\n<p>ROMAN<\/p>\n<p>ELISABETH \u00c5SBRINK<\/p>\n<p>Rekviem f\u00f6r en mor<\/p>\n<p>Polaris, 112 s.<\/p>\n<p>Visa mer<\/p>\n<p>Annina Rabe \u00e4r kritiker p\u00e5 Expressens kultursida.<\/p>\n","protected":false},"excerpt":{"rendered":"Publicerad 22 okt 2025 kl 05.00 \u201dRekviem f\u00f6r en mor\u201d \u00e4r Elisabeth \u00c5sbrinks sorgebok efter mammans d\u00f6d. Annina&hellip;\n","protected":false},"author":2,"featured_media":61271,"comment_status":"","ping_status":"","sticky":false,"template":"","format":"standard","meta":{"footnotes":""},"categories":[67],"tags":[104,3755,5717,5718,34,438,31,33,32,30,1515,105],"class_list":{"0":"post-61270","1":"post","2":"type-post","3":"status-publish","4":"format-standard","5":"has-post-thumbnail","7":"category-underhallning","8":"tag-entertainment","9":"tag-organization-expressen-kultur","10":"tag-person-annina-rabe","11":"tag-person-elisabeth-asbrink","12":"tag-se","13":"tag-sections-bocker","14":"tag-svenska","15":"tag-sverige","16":"tag-sweden","17":"tag-swedish","18":"tag-topic-bokrecensioner","19":"tag-underhallning"},"share_on_mastodon":{"url":"","error":""},"_links":{"self":[{"href":"https:\/\/www.europesays.com\/se\/wp-json\/wp\/v2\/posts\/61270","targetHints":{"allow":["GET"]}}],"collection":[{"href":"https:\/\/www.europesays.com\/se\/wp-json\/wp\/v2\/posts"}],"about":[{"href":"https:\/\/www.europesays.com\/se\/wp-json\/wp\/v2\/types\/post"}],"author":[{"embeddable":true,"href":"https:\/\/www.europesays.com\/se\/wp-json\/wp\/v2\/users\/2"}],"replies":[{"embeddable":true,"href":"https:\/\/www.europesays.com\/se\/wp-json\/wp\/v2\/comments?post=61270"}],"version-history":[{"count":0,"href":"https:\/\/www.europesays.com\/se\/wp-json\/wp\/v2\/posts\/61270\/revisions"}],"wp:featuredmedia":[{"embeddable":true,"href":"https:\/\/www.europesays.com\/se\/wp-json\/wp\/v2\/media\/61271"}],"wp:attachment":[{"href":"https:\/\/www.europesays.com\/se\/wp-json\/wp\/v2\/media?parent=61270"}],"wp:term":[{"taxonomy":"category","embeddable":true,"href":"https:\/\/www.europesays.com\/se\/wp-json\/wp\/v2\/categories?post=61270"},{"taxonomy":"post_tag","embeddable":true,"href":"https:\/\/www.europesays.com\/se\/wp-json\/wp\/v2\/tags?post=61270"}],"curies":[{"name":"wp","href":"https:\/\/api.w.org\/{rel}","templated":true}]}}