{"id":61272,"date":"2025-10-22T03:19:07","date_gmt":"2025-10-22T03:19:07","guid":{"rendered":"https:\/\/www.europesays.com\/se\/61272\/"},"modified":"2025-10-22T03:19:07","modified_gmt":"2025-10-22T03:19:07","slug":"man-till-sjukhus-efter-grov-misshandel","status":"publish","type":"post","link":"https:\/\/www.europesays.com\/se\/61272\/","title":{"rendered":"Man till sjukhus efter grov misshandel"},"content":{"rendered":"<p>        Foto: avigphoto.se\n    <\/p>\n<p>    \u2605 ONSDAG 22 OKTOBER \u2022 V\u00e4dret: Mulet \u2022 Sport: VSK:s f\u00f6rsta seger\u00a0 \u2022 Guiden: Gospelk\u00f6r jubilerar<\/p>\n<p>Godmorgon V\u00e4ster\u00e5s!\u00a0<\/p>\n<p>Det har h\u00e4nt: Samtal inkom p\u00e5 m\u00e5ndagskv\u00e4llen till polisen om att en man utsatts f\u00f6r brott.\u00a0 Mannen befann sig i en l\u00e4genhet p\u00e5 Norra Skallberget och polisen ryckte ut. Mannen, som var vid medvetande, f\u00f6rdes till sjukhus. Brottsplatsen tros vara n\u00e5gon annanstans \u00e4n i l\u00e4genheten. \u00c4rendet utreds initialt som grov misshandel alternativt grovt r\u00e5n. Ingen \u00e4r gripen.<\/p>\n<p>Sport: I den tredje omg\u00e5ngen kom f\u00f6rsta segern f\u00f6r VSK:s bandyherrar i elitserien. Klara 8\u20132 p\u00e5 bortais i G\u00f6teborg mot Frilles\u00e5s BK. \u201dVi \u00e4r noggranna \u00f6ver 90 minuter\u201d, s\u00e4ger tv\u00e5m\u00e5lsskytten Ted Bergstr\u00f6m Heramb till klubbens hemsida. N\u00e4sta uppgift blir regerande svenska m\u00e4starna Villa Lidk\u00f6ping i hemmahallen p\u00e5 l\u00f6rdag.<\/p>\n<p> Hett innebandyderby i M\u00e4larenergi p\u00e5 tisdagskv\u00e4llen. Sk\u00e4lby, som ramlade ur allsvenskan i v\u00e5ras, tog emot Tillberga i division 1 och vann med 7\u20134 inf\u00f6r \u00f6ver 600 vittnen. Det var \u201dHajarnas\u201d fj\u00e4rde raka seger efter en inledande f\u00f6rlust.\u00a0 \u00a0<\/p>\n<p>S\u00e5 blir v\u00e4dret enligt SMHI: Fortsatt mest mulet v\u00e4der med regn eller skurar. Dagstemperatur p\u00e5 10\u201312 grader.\u00a0<\/p>\n<p>Det h\u00e4nder idag i V\u00e4ster\u00e5s<\/p>\n<p>Dans<\/p>\n<p>Plats: Syrianska Kulturcentret<\/p>\n<p>Tid: 13.30\u201317.00<\/p>\n<p>Vad: Sandins orkester spelar upp. Arr: Arosdansen.<\/p>\n<p data-lab-font_weight=\"font-weight-bold\" class=\"font-weight-bold m-font-weight-bold\">Live: Body &amp; soul 30-\u00e5rsjubileum<\/p>\n<p>Plats: Carlsson p\u00e5 kajen<\/p>\n<p>Tid: 18.00\u201322.00 (p\u00e5 scen cirka 19.30)<\/p>\n<p>Vad: Den omtyckta gospelk\u00f6ren under Anna-Lena Fornells ledning firar 30 \u00e5r. K\u00f6ren bjuder p\u00e5 fri entr\u00e9.<\/p>\n<p data-lab-font_weight=\"font-weight-bold\" class=\"font-weight-bold m-font-weight-bold\">Film &amp; samtal<\/p>\n<p>Plats: Elektra bio<\/p>\n<p>Tid: 18.00\u00a0<\/p>\n<p>Vad: Filmen Kv\u00e4llspass.\u00a0Efter filmen \u00e4r det samtal i caf\u00e9et med f\u00f6ljande g\u00e4ster: Annelie Gusdal, ledamot i Etiska r\u00e5det vid M\u00e4lardalens universitet, Rose-Marie Johansson-Pajala, docent i v\u00e5rdvetenskap och Hillevi Carnesten, lektor i v\u00e5rdvetenskap.<\/p>\n<p data-lab-font_weight=\"font-weight-bold\" class=\"font-weight-bold m-font-weight-bold\">Teater: Bj\u00f6rn\u00f6n<\/p>\n<p>Plats: V\u00e4stmanlands Teater<\/p>\n<p>Tid: 18.00, \u00e4ven tors\u2013fre samma tid samt l\u00f6r\u2013s\u00f6n 15.00<\/p>\n<p>Vad: Mikael Kallin \u00e5terv\u00e4nder med sin nyskrivna f\u00f6rest\u00e4llning Bj\u00f6rn\u00f6n.\u00a0Spelas till 5 november.<\/p>\n","protected":false},"excerpt":{"rendered":"Foto: avigphoto.se \u2605 ONSDAG 22 OKTOBER \u2022 V\u00e4dret: Mulet \u2022 Sport: VSK:s f\u00f6rsta seger\u00a0 \u2022 Guiden: Gospelk\u00f6r jubilerar&hellip;\n","protected":false},"author":2,"featured_media":56726,"comment_status":"","ping_status":"","sticky":false,"template":"","format":"standard","meta":{"footnotes":""},"categories":[14],"tags":[22,23,26,27,17,21,24,25,28,29,15,16,18,34,31,33,32,30,19,20,51,52,53,54],"class_list":{"0":"post-61272","1":"post","2":"type-post","3":"status-publish","4":"format-standard","5":"has-post-thumbnail","7":"category-varlden","8":"tag-breaking-news","9":"tag-breakingnews","10":"tag-featured-news","11":"tag-featurednews","12":"tag-headlines","13":"tag-huvudnyheter","14":"tag-latest-news","15":"tag-latestnews","16":"tag-main-news","17":"tag-mainnews","18":"tag-news","19":"tag-nyheter","20":"tag-rubriker","21":"tag-se","22":"tag-svenska","23":"tag-sverige","24":"tag-sweden","25":"tag-swedish","26":"tag-top-stories","27":"tag-topstories","28":"tag-varlden","29":"tag-world","30":"tag-world-news","31":"tag-worldnews"},"share_on_mastodon":{"url":"","error":""},"_links":{"self":[{"href":"https:\/\/www.europesays.com\/se\/wp-json\/wp\/v2\/posts\/61272","targetHints":{"allow":["GET"]}}],"collection":[{"href":"https:\/\/www.europesays.com\/se\/wp-json\/wp\/v2\/posts"}],"about":[{"href":"https:\/\/www.europesays.com\/se\/wp-json\/wp\/v2\/types\/post"}],"author":[{"embeddable":true,"href":"https:\/\/www.europesays.com\/se\/wp-json\/wp\/v2\/users\/2"}],"replies":[{"embeddable":true,"href":"https:\/\/www.europesays.com\/se\/wp-json\/wp\/v2\/comments?post=61272"}],"version-history":[{"count":0,"href":"https:\/\/www.europesays.com\/se\/wp-json\/wp\/v2\/posts\/61272\/revisions"}],"wp:featuredmedia":[{"embeddable":true,"href":"https:\/\/www.europesays.com\/se\/wp-json\/wp\/v2\/media\/56726"}],"wp:attachment":[{"href":"https:\/\/www.europesays.com\/se\/wp-json\/wp\/v2\/media?parent=61272"}],"wp:term":[{"taxonomy":"category","embeddable":true,"href":"https:\/\/www.europesays.com\/se\/wp-json\/wp\/v2\/categories?post=61272"},{"taxonomy":"post_tag","embeddable":true,"href":"https:\/\/www.europesays.com\/se\/wp-json\/wp\/v2\/tags?post=61272"}],"curies":[{"name":"wp","href":"https:\/\/api.w.org\/{rel}","templated":true}]}}