{"id":61283,"date":"2025-10-22T03:40:12","date_gmt":"2025-10-22T03:40:12","guid":{"rendered":"https:\/\/www.europesays.com\/se\/61283\/"},"modified":"2025-10-22T03:40:12","modified_gmt":"2025-10-22T03:40:12","slug":"spelet-bakom-att-martha-louise-var-med-i-carina-bergfeldt","status":"publish","type":"post","link":"https:\/\/www.europesays.com\/se\/61283\/","title":{"rendered":"Spelet bakom att M\u00e4rtha Louise var med i Carina Bergfeldt"},"content":{"rendered":"<p>Publicerad 20 okt 2025 kl 17.00Uppdaterad 21 okt kl 08.26<\/p>\n<p>PremiumIn i det sista var b\u00e5das medverkan os\u00e4ker.\u00a0<\/p>\n<p>Nu kan Expressen ber\u00e4tta om spelet bakom kulisserna f\u00f6r att prinsessan M\u00e4rtha Louise och hennes Durek skulle medverka i SVT:s \u201dCarina Bergfeldt\u201d.\u00a0<\/p>\n<p>\u2013 Vi gick omkring som p\u00e5 n\u00e5lar, s\u00e4ger programledaren. \u00a0<\/p>\n<p>M\u00e4rtha Louises svar om att avs\u00e4ga sig prinsesstiteln.<\/p>\n","protected":false},"excerpt":{"rendered":"Publicerad 20 okt 2025 kl 17.00Uppdaterad 21 okt kl 08.26 PremiumIn i det sista var b\u00e5das medverkan os\u00e4ker.\u00a0&hellip;\n","protected":false},"author":2,"featured_media":61284,"comment_status":"","ping_status":"","sticky":false,"template":"","format":"standard","meta":{"footnotes":""},"categories":[67],"tags":[104,103,34,645,31,33,32,30,646,105],"class_list":{"0":"post-61283","1":"post","2":"type-post","3":"status-publish","4":"format-standard","5":"has-post-thumbnail","7":"category-underhallning","8":"tag-entertainment","9":"tag-premium","10":"tag-se","11":"tag-sections-tv","12":"tag-svenska","13":"tag-sverige","14":"tag-sweden","15":"tag-swedish","16":"tag-topic-tv-serier","17":"tag-underhallning"},"share_on_mastodon":{"url":"","error":""},"_links":{"self":[{"href":"https:\/\/www.europesays.com\/se\/wp-json\/wp\/v2\/posts\/61283","targetHints":{"allow":["GET"]}}],"collection":[{"href":"https:\/\/www.europesays.com\/se\/wp-json\/wp\/v2\/posts"}],"about":[{"href":"https:\/\/www.europesays.com\/se\/wp-json\/wp\/v2\/types\/post"}],"author":[{"embeddable":true,"href":"https:\/\/www.europesays.com\/se\/wp-json\/wp\/v2\/users\/2"}],"replies":[{"embeddable":true,"href":"https:\/\/www.europesays.com\/se\/wp-json\/wp\/v2\/comments?post=61283"}],"version-history":[{"count":0,"href":"https:\/\/www.europesays.com\/se\/wp-json\/wp\/v2\/posts\/61283\/revisions"}],"wp:featuredmedia":[{"embeddable":true,"href":"https:\/\/www.europesays.com\/se\/wp-json\/wp\/v2\/media\/61284"}],"wp:attachment":[{"href":"https:\/\/www.europesays.com\/se\/wp-json\/wp\/v2\/media?parent=61283"}],"wp:term":[{"taxonomy":"category","embeddable":true,"href":"https:\/\/www.europesays.com\/se\/wp-json\/wp\/v2\/categories?post=61283"},{"taxonomy":"post_tag","embeddable":true,"href":"https:\/\/www.europesays.com\/se\/wp-json\/wp\/v2\/tags?post=61283"}],"curies":[{"name":"wp","href":"https:\/\/api.w.org\/{rel}","templated":true}]}}