{"id":61421,"date":"2025-10-22T08:16:16","date_gmt":"2025-10-22T08:16:16","guid":{"rendered":"https:\/\/www.europesays.com\/se\/61421\/"},"modified":"2025-10-22T08:16:16","modified_gmt":"2025-10-22T08:16:16","slug":"lagprisaventyret-ar-over-de-lagger-ned-dollarstore","status":"publish","type":"post","link":"https:\/\/www.europesays.com\/se\/61421\/","title":{"rendered":"L\u00e5gpris\u00e4ventyret \u00e4r \u00f6ver \u2013 de l\u00e4gger ned Dollarstore"},"content":{"rendered":"<p>Enligt ett pressmeddelande har de \u00e5tg\u00e4rder som vidtagits f\u00f6r att v\u00e4nda trenden, s\u00e5som butiksuppgraderingar, sortimentsf\u00f6r\u00e4ndringar och prisjusteringar, inte gett \u00f6nskat resultat.<\/p>\n<p>Ledningen bed\u00f6mer att en fortsatt drift skulle kr\u00e4va &#8221;betydande kapital utan realistiska utsikter till l\u00f6nsamhet&#8221;, vilket ledde till styrelsens beslut om avveckling.<\/p>\n<blockquote>\n<p>Detta \u00e4r ett kr\u00e4vande beslut, men det \u00e4r taget efter grundliga \u00f6verv\u00e4ganden. Det har lagts ned ett stort arbete f\u00f6r att utveckla konceptet, men vi har dessv\u00e4rre inte lyckats etablera en h\u00e5llbar drift, s\u00e4ger Tormod Lier, kedjeansvarig p\u00e5 Dollarstore.<\/p>\n<\/blockquote>\n<p>Beskedet kommer drygt tre och ett halvt \u00e5r efter att NorgesGruppen gick in som majoritets\u00e4gare i kedjan i februari 2022. Koncernen k\u00f6pte d\u00e5 51 procent av bolaget av grundarna, med en uttalad ambition att &#8221;vidareutveckla ett unikt kedjekoncept&#8221; och &#8221;skapa \u00e4nnu st\u00f6rre konkurrens p\u00e5 marknaden&#8221;. Grundaren Gudmundur As Birgisson uppgav d\u00e5 att de tillsammans skulle skapa &#8221;ett nytt l\u00e5gpriseventyr i Norge&#8221;.<\/p>\n<p>Dollarstore etablerades 2019 som ett l\u00e5gpriskoncept inom non-food med fasta prispunkter som 10, 20 och 50 kronor.<\/p>\n<p>NorgesGruppen uppger att fokus nu ligger p\u00e5 att hantera processen p\u00e5 ett ansvarsfullt s\u00e4tt gentemot anst\u00e4llda, leverant\u00f6rer och samarbetspartners. Koncernen har inlett en process f\u00f6r att se \u00f6ver m\u00f6jligheterna till annat passande arbete f\u00f6r de ber\u00f6rda anst\u00e4llda.<\/p>\n<p>Kedjan best\u00e5r idag av 26 fysiska butiker och en e-handel.<\/p>\n","protected":false},"excerpt":{"rendered":"Enligt ett pressmeddelande har de \u00e5tg\u00e4rder som vidtagits f\u00f6r att v\u00e4nda trenden, s\u00e5som butiksuppgraderingar, sortimentsf\u00f6r\u00e4ndringar och prisjusteringar, inte&hellip;\n","protected":false},"author":2,"featured_media":61422,"comment_status":"","ping_status":"","sticky":false,"template":"","format":"standard","meta":{"footnotes":""},"categories":[65],"tags":[72,5729,70,71,430,5730,34,31,33,32,30],"class_list":{"0":"post-61421","1":"post","2":"type-post","3":"status-publish","4":"format-standard","5":"has-post-thumbnail","7":"category-ekonomi","8":"tag-business","9":"tag-dollarstore","10":"tag-economy","11":"tag-ekonomi","12":"tag-norge","13":"tag-norgesgruppen","14":"tag-se","15":"tag-svenska","16":"tag-sverige","17":"tag-sweden","18":"tag-swedish"},"share_on_mastodon":{"url":"","error":""},"_links":{"self":[{"href":"https:\/\/www.europesays.com\/se\/wp-json\/wp\/v2\/posts\/61421","targetHints":{"allow":["GET"]}}],"collection":[{"href":"https:\/\/www.europesays.com\/se\/wp-json\/wp\/v2\/posts"}],"about":[{"href":"https:\/\/www.europesays.com\/se\/wp-json\/wp\/v2\/types\/post"}],"author":[{"embeddable":true,"href":"https:\/\/www.europesays.com\/se\/wp-json\/wp\/v2\/users\/2"}],"replies":[{"embeddable":true,"href":"https:\/\/www.europesays.com\/se\/wp-json\/wp\/v2\/comments?post=61421"}],"version-history":[{"count":0,"href":"https:\/\/www.europesays.com\/se\/wp-json\/wp\/v2\/posts\/61421\/revisions"}],"wp:featuredmedia":[{"embeddable":true,"href":"https:\/\/www.europesays.com\/se\/wp-json\/wp\/v2\/media\/61422"}],"wp:attachment":[{"href":"https:\/\/www.europesays.com\/se\/wp-json\/wp\/v2\/media?parent=61421"}],"wp:term":[{"taxonomy":"category","embeddable":true,"href":"https:\/\/www.europesays.com\/se\/wp-json\/wp\/v2\/categories?post=61421"},{"taxonomy":"post_tag","embeddable":true,"href":"https:\/\/www.europesays.com\/se\/wp-json\/wp\/v2\/tags?post=61421"}],"curies":[{"name":"wp","href":"https:\/\/api.w.org\/{rel}","templated":true}]}}