{"id":6143,"date":"2025-08-16T08:00:49","date_gmt":"2025-08-16T08:00:49","guid":{"rendered":"https:\/\/www.europesays.com\/se\/6143\/"},"modified":"2025-08-16T08:00:49","modified_gmt":"2025-08-16T08:00:49","slug":"infor-halmstad-bk-malmo-ff","status":"publish","type":"post","link":"https:\/\/www.europesays.com\/se\/6143\/","title":{"rendered":"Inf\u00f6r Halmstad BK &#8211; Malm\u00f6 FF"},"content":{"rendered":"<p>I tisdags, med de tv\u00e5 senaste matcherna som ett svidande s\u00e5r i br\u00f6stet, var jag nog inte ensam om att undra om det \u00e4r vettigt att h\u00e5lla p\u00e5 s\u00e5 h\u00e4r. Att m\u00e5 s\u00e5 d\u00e5ligt \u00f6ver ett fotbollslag. \u00d6ver hur de presterar. Och \u00e4nd\u00e5 sitter man h\u00e4r idag och l\u00e4ngtar efter att f\u00e5 st\u00e5 p\u00e5 l\u00e4ktaren i Halmstad. <\/p>\n<p>F\u00f6r det \u00e4r ju s\u00e5, i alla fall f\u00f6r mig, att fotbollen och MFF inte vore n\u00e5got utan k\u00e4nslorna, passionen. Och d\u00e5 \u00e4r det ju faktiskt s\u00e5 att man m\u00e5ste vara beredd att b\u00e5de hantera de h\u00e4rliga OCH de jobbiga. Och det fina i det hela \u00e4r ju att man inte \u00e4r ensam med det jobbiga. Vi \u00e4r en j\u00e4dra massa m\u00e4nniskor som upplever, kanske inte exakt samma samma men liknande, och vi hj\u00e4lps \u00e5t att komma fram\u00e5t.<\/p>\n<p>S\u00e5, med detta sagt s\u00e5 \u00e4r det upp p\u00e5 \u00e5snan igen (ja, \u00e5sna, inte h\u00e4st, f\u00f6r nog k\u00e4nner man sig en pyttesmula bl\u00e5st \u00e4nd\u00e5). Ny match, nya tag och nu \u00e4r det dags f\u00f6r en bortaresa som jag verkligen tycker om, n\u00e4mligen den till Halmstad. Det \u00e4r en mysig arena, mot en mindre, traditionell klubb som jag tycker om men \u00e4nd\u00e5 inte har n\u00e5got som helst problem att vinna mot. Att en av mina \u00e4ldsta v\u00e4nner bor i Halmstad sedan m\u00e5nga \u00e5r, s\u00e5 att matcherna f\u00f6r det mesta inneb\u00e4r en h\u00e4rlig minisemester, f\u00e5r ses som en bonus.<\/p>\n<p>Du som kommit in hit ikv\u00e4ll f\u00f6r att l\u00e4sa en klassisk inf\u00f6r-artikel med spekulationer om startelvor, uppst\u00e4llningar och taktik har nog redan insett att du kommer att bli besviken. \u00c4rligt talat&#8230; Jag orkar inte bry mig om ifall vi spelar 5-4-1, 4-4-2 eller i n\u00e5gon uppst\u00e4llning som ingen n\u00e5nsin har h\u00f6rt talas om. Och vilka som spelar fr\u00e5n start? I&#8217;ve no more fucks to give &#8211; faktiskt! Om de bara visar gl\u00f6d, vilja, sammanh\u00e5llning och g\u00e4rna lite j\u00e4dra spelgl\u00e4dje.<\/p>\n<p>Men ok, om vi ska spekulera en liten smula \u00e4nd\u00e5&#8230; Det finns ju olika v\u00e4gar att g\u00e5 efter avgrundsdjupa svackor som de senaste b\u00e5da matcherna. Antingen sl\u00e4pper man fram &#8221;b\u00e4nkspelarna&#8221; och de unga. L\u00e5ter dem visa passion, vilja och att de \u00e4r sugna p\u00e5 att ta platserna om andra fallerar. Eller&#8230; s\u00e5 litar man p\u00e5 de spelare vi faktiskt v\u00e4rvat f\u00f6r att prestera. Man litar p\u00e5 att de senaste dagarnas diskussioner, ventilerande och vad man nu vill kalla det, \u00e4r ett f\u00f6rsta steg p\u00e5 v\u00e4gen fram\u00e5t och forts\u00e4tter att k\u00f6ra p\u00e5 med &#8221;b\u00e4sta m\u00f6jliga startelva&#8221;.  Vilket som \u00e4r b\u00e4st \u00e4r egentligen om\u00f6jligt att veta fr\u00e5n utsidan. Men personligen s\u00e5 tror jag mer p\u00e5 det senare. Det finns s\u00e5 enormt mycket potential i det h\u00e4r laget som bara m\u00e5ste f\u00e5 komma ut.<\/p>\n<p>Nyf\u00f6rv\u00e4rvet  Salifou Soumah ska vara redo f\u00f6r spel och med i truppen. Jag hoppas att han f\u00e5r \u00e5tminstone n\u00e5gon speltid, det vore sp\u00e4nnande att se honom. V\u00e5rt senaste nyf\u00f6rv\u00e4rv innan honom, Djuric, har ju varit en v\u00e4ldigt positiv \u00f6veraskning &#8211; jag tar g\u00e4rna mer av den varan.<\/p>\n<p>Jag \u00f6nskar och hoppas att st\u00e4mningen hos oss p\u00e5 l\u00e4ktaren visar v\u00e4gen. Att vi f\u00e5r en s\u00e5n d\u00e4r riktigt h\u00e4rlig sommar-eftermiddagsmatch som g\u00f6r gott f\u00f6r sj\u00e4len. Men, framf\u00f6r allt: En vinst. Ge mig en vinst &#8211; sn\u00e4lla, rara, fina MFFp\u00e5gar. G\u00e4rna en h\u00e5ll-k\u00e4ften-vinst. Men det \u00e4r inte n\u00f6dv\u00e4ndigt. Sn\u00e4lla, bara: VINN!<\/p>\n","protected":false},"excerpt":{"rendered":"I tisdags, med de tv\u00e5 senaste matcherna som ett svidande s\u00e5r i br\u00f6stet, var jag nog inte ensam&hellip;\n","protected":false},"author":2,"featured_media":6144,"comment_status":"","ping_status":"","sticky":false,"template":"","format":"standard","meta":{"footnotes":""},"categories":[5],"tags":[159,22,23,158,157,26,27,138,17,156,21,24,25,28,29,165,164,15,16,140,18,34,160,162,111,31,161,33,32,30,163,19,20],"class_list":{"0":"post-6143","1":"post","2":"type-post","3":"status-publish","4":"format-standard","5":"has-post-thumbnail","7":"category-rubriker","8":"tag-allsvenskan","9":"tag-breaking-news","10":"tag-breakingnews","11":"tag-fans","12":"tag-fantv","13":"tag-featured-news","14":"tag-featurednews","15":"tag-fotboll","16":"tag-headlines","17":"tag-hockey","18":"tag-huvudnyheter","19":"tag-latest-news","20":"tag-latestnews","21":"tag-main-news","22":"tag-mainnews","23":"tag-matcher","24":"tag-matchprogram","25":"tag-news","26":"tag-nyheter","27":"tag-premier-league","28":"tag-rubriker","29":"tag-se","30":"tag-serie-a","31":"tag-spelschema","32":"tag-sport","33":"tag-svenska","34":"tag-svenskafans","35":"tag-sverige","36":"tag-sweden","37":"tag-swedish","38":"tag-tabeller","39":"tag-top-stories","40":"tag-topstories"},"share_on_mastodon":{"url":"","error":""},"_links":{"self":[{"href":"https:\/\/www.europesays.com\/se\/wp-json\/wp\/v2\/posts\/6143","targetHints":{"allow":["GET"]}}],"collection":[{"href":"https:\/\/www.europesays.com\/se\/wp-json\/wp\/v2\/posts"}],"about":[{"href":"https:\/\/www.europesays.com\/se\/wp-json\/wp\/v2\/types\/post"}],"author":[{"embeddable":true,"href":"https:\/\/www.europesays.com\/se\/wp-json\/wp\/v2\/users\/2"}],"replies":[{"embeddable":true,"href":"https:\/\/www.europesays.com\/se\/wp-json\/wp\/v2\/comments?post=6143"}],"version-history":[{"count":0,"href":"https:\/\/www.europesays.com\/se\/wp-json\/wp\/v2\/posts\/6143\/revisions"}],"wp:featuredmedia":[{"embeddable":true,"href":"https:\/\/www.europesays.com\/se\/wp-json\/wp\/v2\/media\/6144"}],"wp:attachment":[{"href":"https:\/\/www.europesays.com\/se\/wp-json\/wp\/v2\/media?parent=6143"}],"wp:term":[{"taxonomy":"category","embeddable":true,"href":"https:\/\/www.europesays.com\/se\/wp-json\/wp\/v2\/categories?post=6143"},{"taxonomy":"post_tag","embeddable":true,"href":"https:\/\/www.europesays.com\/se\/wp-json\/wp\/v2\/tags?post=6143"}],"curies":[{"name":"wp","href":"https:\/\/api.w.org\/{rel}","templated":true}]}}