{"id":61505,"date":"2025-10-22T09:53:31","date_gmt":"2025-10-22T09:53:31","guid":{"rendered":"https:\/\/www.europesays.com\/se\/61505\/"},"modified":"2025-10-22T09:53:31","modified_gmt":"2025-10-22T09:53:31","slug":"strid-om-klimatet-och-stod-till-ukraina-i-fokus","status":"publish","type":"post","link":"https:\/\/www.europesays.com\/se\/61505\/","title":{"rendered":"Strid om klimatet och st\u00f6d till Ukraina i fokus"},"content":{"rendered":"<p>Under onsdagens m\u00f6te i riksdagens EU-n\u00e4mnd s\u00e4krade statsminister Ulf Kristersson (M) mandat f\u00f6r regeringens linje inf\u00f6r veckans EU-toppm\u00f6te i Bryssel. Den mest akuta fr\u00e5gan \u00e4r att s\u00e4kra en l\u00e5ngsiktig finansiering till Ukraina, s\u00e4rskilt som det amerikanska st\u00f6det minskat. I EU-n\u00e4mnden f\u00f6rklarade statsministern att han driver p\u00e5 f\u00f6r en l\u00f6sning d\u00e4r frysta ryska tillg\u00e5ngar anv\u00e4nds f\u00f6r att garantera ett l\u00e5n till Ukraina. Han betonade att en s\u00e5dan l\u00f6sning m\u00e5ste erbjuda f\u00f6ruts\u00e4gbart st\u00f6d, inneb\u00e4ra en mer r\u00e4ttvis b\u00f6rdef\u00f6rdelning mellan EU-l\u00e4nderna och vara juridiskt h\u00e5llbar f\u00f6r att undvika ungerska veton.<\/p>\n<p>\u2013 L\u00f6sningen m\u00e5ste vara politiskt och juridiskt h\u00e5llbar, sade Ulf Kristersson.<\/p>\n<p>Fr\u00e5n Bryssel bekr\u00e4ftar en h\u00f6g EU-tj\u00e4nsteman att m\u00e5let med toppm\u00f6tet inte \u00e4r att besluta om detaljerna i hur de ryska tillg\u00e5ngarna \u2013 runt 140 miljarder euro som kan anv\u00e4ndas \u2013 utan att ge kommissionen ett politiskt ramverk f\u00f6r att snabbt kunna utarbeta ett skarpt f\u00f6rslag. Samtidigt hoppas man kunna n\u00e5 en politisk \u00f6verenskommelse om ett nittonde sanktionspaket mot Ryssland.<\/p>\n<p><strong>H\u00e5rd klimatdebatt v\u00e4ntas<\/strong><br \/>Den fr\u00e5ga som v\u00e4ntas skapa mest debatt \u00e4r dock klimatpolitiken i relation till EU:s konkurrenskraft. Ulf Kristersson beskrev tv\u00e5 l\u00e4ger i EU: ett som, likt Sverige, ser den gr\u00f6na omst\u00e4llningen som en tillv\u00e4xtmotor, och ett annat som oroar sig f\u00f6r negativa konsekvenser f\u00f6r industrin och vill justera eller senarel\u00e4gga klimatm\u00e5len. Regeringens linje \u00e4r att h\u00e5lla fast vid de l\u00e5ngsiktiga m\u00e5len.<\/p>\n<p>\u2013 Det skulle ocks\u00e5 vara f\u00f6r\u00f6dande f\u00f6r de f\u00f6retag som har gjort mest, sade han.<\/p>\n<p>EU-ledarna ska diskutera f\u00f6rslaget om att EU till 2040 ska ha minskat klimatutsl\u00e4ppen med 90 procent j\u00e4mf\u00f6rt med 1990. Regeringen vill se &#8221;st\u00f6rre flexibilitet i sj\u00e4lva genomf\u00f6randet&#8221;. Detta kritiserades h\u00e5rt av oppositionen. Jytte Guteland (S) menade att regeringen driver en otydlig linje som riskerar att bromsa klimatarbetet.<\/p>\n<p>\u2013 Med otydlig s\u00e5 menar vi att man p\u00e5 ena sidan s\u00e4ger sig st\u00e5 bakom 90 procent, och \u00e5 andra sidan har enormt m\u00e5nga inv\u00e4ndningar och otydligheter n\u00e4r man argumenterar, sade Jytte Guteland.<\/p>\n<p>En h\u00f6g EU-tj\u00e4nsteman beskriver klimatdebatten som den potentiellt sv\u00e5raste under m\u00f6tet. Enligt henom kommer diskussionen att vara &#8221;uppriktig&#8221; och fokuseras p\u00e5 vilka &#8221;m\u00f6jligg\u00f6rande villkor&#8221; som kr\u00e4vs f\u00f6r att n\u00e5 m\u00e5len, snarare \u00e4n att behandla m\u00e5len i sig.<\/p>\n<p>I samband med denna diskussion v\u00e4ntas ledare ta upp det tidigare EU-beslutet om att i praktiken f\u00f6rbjuda nya bilar med f\u00f6rbr\u00e4nningsmotorer fr\u00e5n 2035 och den nya utsl\u00e4ppshandeln f\u00f6r v\u00e4gtransporter och byggnader.<\/p>\n<p><strong>Konkurrenskraft och regelf\u00f6renkling<\/strong><br \/>Ledarna v\u00e4ntas forts\u00e4tta samtalen om hur EU:s konkurrenskraft kan st\u00e4rkas. Fr\u00e5n svensk sida prioriteras en f\u00f6rdjupad kapitalmarknad och regelf\u00f6renkling, en fr\u00e5ga statsministern engagerat sig starkt i.<\/p>\n<p>\u2013 Jag \u00e4r genuint bekymrad \u00f6ver de st\u00e4ndiga f\u00f6rs\u00f6ken att stoppa f\u00f6renklingsagendan, sade Ulf Kristersson och kritiserade vad han anser vara Europaparlamentets m\u00e5nga \u00e4ndringsf\u00f6rslag till nya lagar.<\/p>\n<p>Socialdemokraternas Matilda Ernkrans varnade dock f\u00f6r regeringens strategi. Hon menade att avregleringar och s\u00e4nkta klimatambitioner kanske gynnar andra l\u00e4nders industri, men att en &#8221;ensidig avregleringsagenda&#8221; riskerar att s\u00e4tta svenska jobb p\u00e5 spel.<\/p>\n<p>\u2013 Svenska f\u00f6retag ligger l\u00e5ngt fram i den gr\u00f6na omst\u00e4llningen. S\u00e5 att riva upp social och milj\u00f6m\u00e4ssig lagstiftning gynnar kanske Italiens och Polens konkurrenskraft. Men f\u00f6r svensk bilindustri, jordbruk och gr\u00f6n industri [\u2026] riskerar det f\u00e5 precis motsatt effekt, sade Ernkrans.<\/p>\n<p><strong>St\u00e4rkt f\u00f6rsvar i Europa<\/strong><br \/>Ledarna f\u00f6rv\u00e4ntas ocks\u00e5 ta kliv f\u00f6r att oms\u00e4tta tidigare f\u00f6rsvarsstrategier i handling. M\u00e5let \u00e4r att spika n\u00e4sta steg i arbetet med att uppn\u00e5 en gemensam europeisk &#8221;f\u00f6rsvarsberedskap&#8221; till 2030. Enligt uppgifter fr\u00e5n Bryssel kommer man att ge klartecken till specifika f\u00f6rm\u00e5geprojekt, d\u00e4r s\u00e4rskilt utvecklingen av ett gemensamt luftf\u00f6rsvar mot dr\u00f6nare och robotar ses som br\u00e5dskande.<\/p>\n<p>Sverige och andra ledare kr\u00e4ver att medlemsl\u00e4nderna ska sitta i &#8221;f\u00f6rars\u00e4tet&#8221;, med EU-institutionerna i en underl\u00e4ttande roll. Statsminister Kristersson betonade ocks\u00e5 att EU:s \u00e5tg\u00e4rder m\u00e5ste komplettera Nato, inte skapa konkurrerande strukturer. Han varnade \u00e4ven f\u00f6r att en &#8221;k\u00f6p europeiskt&#8221;-princip f\u00f6r att gynna den egna industrin och kallade detta f\u00f6r &#8221;dumt och direkt farligt&#8221; d\u00e5 den riskerar att st\u00e4nga ute viktiga allierade som USA och Storbritannien.<\/p>\n<p><strong>Svensk oenighet om Mellan\u00f6stern<\/strong><br \/>Den br\u00e4ckliga vapenvilan i Gaza och v\u00e4gen fram\u00e5t kommer ocks\u00e5 att diskuteras. Statsministern v\u00e4lkomnade att en fredsplan inletts och betonade USA:s avg\u00f6rande roll, men varnade f\u00f6r att parterna \u00e4r oeniga om detaljer. Regeringen driver p\u00e5 f\u00f6r fortsatta EU-sanktioner mot Hamas och extremistiska israeliska bos\u00e4ttare.<\/p>\n<p>Fr\u00e5n oppositionen h\u00f6rdes betydligt skarpare krav. B\u00e5de V\u00e4nsterpartiet och Socialdemokraterna lyfte m\u00f6jligheten att pausa EU:s associationsavtal med Israel f\u00f6r att \u00f6ka pressen, en \u00e5tg\u00e4rd regeringen inte st\u00e4llt sig bakom.<\/p>\n<p>Toppm\u00f6tet inleds p\u00e5 torsdag morgon och v\u00e4ntas p\u00e5g\u00e5 sent in p\u00e5 natten. Ukrainas president Volodymyr Zelenskyj har bjudits in f\u00f6r att delta i den inledande diskussionen.<\/p>\n","protected":false},"excerpt":{"rendered":"Under onsdagens m\u00f6te i riksdagens EU-n\u00e4mnd s\u00e4krade statsminister Ulf Kristersson (M) mandat f\u00f6r regeringens linje inf\u00f6r veckans EU-toppm\u00f6te&hellip;\n","protected":false},"author":2,"featured_media":61506,"comment_status":"","ping_status":"","sticky":false,"template":"","format":"standard","meta":{"footnotes":""},"categories":[12],"tags":[22,23,26,27,17,21,24,25,28,29,15,16,18,34,31,33,32,30,19,20],"class_list":{"0":"post-61505","1":"post","2":"type-post","3":"status-publish","4":"format-standard","5":"has-post-thumbnail","7":"category-sverige","8":"tag-breaking-news","9":"tag-breakingnews","10":"tag-featured-news","11":"tag-featurednews","12":"tag-headlines","13":"tag-huvudnyheter","14":"tag-latest-news","15":"tag-latestnews","16":"tag-main-news","17":"tag-mainnews","18":"tag-news","19":"tag-nyheter","20":"tag-rubriker","21":"tag-se","22":"tag-svenska","23":"tag-sverige","24":"tag-sweden","25":"tag-swedish","26":"tag-top-stories","27":"tag-topstories"},"share_on_mastodon":{"url":"","error":""},"_links":{"self":[{"href":"https:\/\/www.europesays.com\/se\/wp-json\/wp\/v2\/posts\/61505","targetHints":{"allow":["GET"]}}],"collection":[{"href":"https:\/\/www.europesays.com\/se\/wp-json\/wp\/v2\/posts"}],"about":[{"href":"https:\/\/www.europesays.com\/se\/wp-json\/wp\/v2\/types\/post"}],"author":[{"embeddable":true,"href":"https:\/\/www.europesays.com\/se\/wp-json\/wp\/v2\/users\/2"}],"replies":[{"embeddable":true,"href":"https:\/\/www.europesays.com\/se\/wp-json\/wp\/v2\/comments?post=61505"}],"version-history":[{"count":0,"href":"https:\/\/www.europesays.com\/se\/wp-json\/wp\/v2\/posts\/61505\/revisions"}],"wp:featuredmedia":[{"embeddable":true,"href":"https:\/\/www.europesays.com\/se\/wp-json\/wp\/v2\/media\/61506"}],"wp:attachment":[{"href":"https:\/\/www.europesays.com\/se\/wp-json\/wp\/v2\/media?parent=61505"}],"wp:term":[{"taxonomy":"category","embeddable":true,"href":"https:\/\/www.europesays.com\/se\/wp-json\/wp\/v2\/categories?post=61505"},{"taxonomy":"post_tag","embeddable":true,"href":"https:\/\/www.europesays.com\/se\/wp-json\/wp\/v2\/tags?post=61505"}],"curies":[{"name":"wp","href":"https:\/\/api.w.org\/{rel}","templated":true}]}}