{"id":61507,"date":"2025-10-22T09:54:15","date_gmt":"2025-10-22T09:54:15","guid":{"rendered":"https:\/\/www.europesays.com\/se\/61507\/"},"modified":"2025-10-22T09:54:15","modified_gmt":"2025-10-22T09:54:15","slug":"totalstopp-radde-pa-e18-i-karlstad-efter-olycka-tre-ambulanser-larmades-nwt","status":"publish","type":"post","link":"https:\/\/www.europesays.com\/se\/61507\/","title":{"rendered":"Totalstopp r\u00e5dde p\u00e5 E18 i Karlstad efter olycka \u2013 tre ambulanser larmades &#8211; NWT"},"content":{"rendered":"<ol>\n<li><a href=\"https:\/\/news.google.com\/rss\/articles\/CBMirAFBVV95cUxQajlUSVVTRWd0TjdwVXgwLWZJNXNpVTVReFhTMmhmS1FySEIxSE45NldWSkRqaEhPVEQwS2JWTTRtdjZFaThNczRMaDNaTkhkaWJ6dnR3VjRfQ2xNd3B3TFVxUXB6bTNaZTM2M3VoRVM0blo0VTkzQVI5TzZPRTBOZjU1M0FQY2dwUFUybmZsZVI0cEZVSEYxZmlITlhJNVpYZ3BmSEpmMlZXbVpJ?oc=5\" target=\"_blank\" rel=\"nofollow noopener\">Totalstopp r\u00e5dde p\u00e5 E18 i Karlstad efter olycka \u2013 tre ambulanser larmades<\/a>&nbsp;&nbsp;NWT<\/li>\n<li><a href=\"https:\/\/news.google.com\/rss\/articles\/CBMirAFBVV95cUxPdXk1bHVpOWdDOUZQWW11QV80aU02S0ttc2laRzVFS0pCMlJud3lRN1hEdGJqcWZwVjcxTUxKQ0poTHh3VU5JRUl6RnJMVzBlVzkzZmIwRkk0VjFHdUN6emZ0V3RTMFhNOGZWOU9nTVI0dWxCaVh1clp1aTlvU3Uyalh5dXZVUmxBRzZvZkRZZzFFWlYzM3pnSEZlNlhDY0J3TEhiSlBVTndhd1dk?oc=5\" target=\"_blank\" rel=\"nofollow noopener\">JUST NU: Totalstopp p\u00e5 E18 i Karlstad efter trafikolycka \u2013 tre ambulanser p\u00e5 plats<\/a>&nbsp;&nbsp;NWT<\/li>\n<li><a href=\"https:\/\/news.google.com\/rss\/articles\/CBMi5AFBVV95cUxPOEdqQ0JMYjRVeU5QVjAyYkxKakM3X2tmSlFjQVhyNUlkbm1lRkE2Q3hwMWlnVG9nMFRHeGZhMnJ3c19paTJGUVJXUmdXTXB5R0EyMzhQbTkzNWJNNUJ0a0lHcmNZSnVubWRvN1IxcEhURXJDSi0tcEFqS25rTkhtTjVmb0J3Tkc4aF9pcUN4T2JPaDZGTXdKcFlRVVF5NEsyQ0NuRG1nOUhtVVBBQ0NDcnRzTFpZZlpuY3pkZmU1a2M0RXJ2OTBPQWV1b0lYeUhmU2lsUlMta2FtZWFwNW9pTmVhQzM?oc=5\" target=\"_blank\" rel=\"nofollow noopener\">Just nu: Stopp i ett k\u00f6rf\u00e4lt p\u00e5 grund av en stillast\u00e5ende flera stillast\u00e5ende fordon p\u00e5 E18<\/a>&nbsp;&nbsp;UNT<\/li>\n<li><a href=\"https:\/\/news.google.com\/rss\/articles\/CBMifkFVX3lxTE9IS3FiRGlKZTVvVThEdHpTZW9NSWJjeTBUNGdRREFHMVdoRzNyRkZpSkFQMm9mNWN4MFM5OHdRdmZTcWJJUlJ2VWhmaE1uNVdneFBvNFFKMmd1UVluM2NYbGkyZWFPSFpwSGMxOUR1TkY4bjdNUkE0b1VjeG5jdw?oc=5\" target=\"_blank\" rel=\"nofollow noopener\">Mycket halt p\u00e5 E18 \u2013 flera olyckor<\/a>&nbsp;&nbsp;Norrtelje Tidning<\/li>\n<li><a href=\"https:\/\/news.google.com\/rss\/articles\/CBMilwFBVV95cUxNejVUY3IzZDZDVy1LaVNfeU44ZzVqODNEVy1CYXY4V3NISGU3SE95Mi1KX0tyZzNnSk9XX29VMUpWc0gwaThET0t0Q0FXQnhVVk5NaGIybFI5cWxfa0N4VjlYZ1dxcDlYVTJFbGVBcjk0Qk5QaFAwSnVRazFiNDlhNEpDa1BRTXFGSDI5LU5XT0RwaHRzSkdv?oc=5\" target=\"_blank\" rel=\"nofollow noopener\">En stillast\u00e5ende lastbil ger stopp i ett k\u00f6rf\u00e4lt p\u00e5 E18<\/a>&nbsp;&nbsp;nkp.se<\/li>\n<\/ol>\n","protected":false},"excerpt":{"rendered":"Totalstopp r\u00e5dde p\u00e5 E18 i Karlstad efter olycka \u2013 tre ambulanser larmades&nbsp;&nbsp;NWT JUST NU: Totalstopp p\u00e5 E18 i&hellip;\n","protected":false},"author":2,"featured_media":61508,"comment_status":"","ping_status":"","sticky":false,"template":"","format":"standard","meta":{"footnotes":""},"categories":[5],"tags":[22,23,26,27,17,21,24,25,28,29,15,16,18,34,31,33,32,30,19,20],"class_list":{"0":"post-61507","1":"post","2":"type-post","3":"status-publish","4":"format-standard","5":"has-post-thumbnail","7":"category-rubriker","8":"tag-breaking-news","9":"tag-breakingnews","10":"tag-featured-news","11":"tag-featurednews","12":"tag-headlines","13":"tag-huvudnyheter","14":"tag-latest-news","15":"tag-latestnews","16":"tag-main-news","17":"tag-mainnews","18":"tag-news","19":"tag-nyheter","20":"tag-rubriker","21":"tag-se","22":"tag-svenska","23":"tag-sverige","24":"tag-sweden","25":"tag-swedish","26":"tag-top-stories","27":"tag-topstories"},"share_on_mastodon":{"url":"","error":""},"_links":{"self":[{"href":"https:\/\/www.europesays.com\/se\/wp-json\/wp\/v2\/posts\/61507","targetHints":{"allow":["GET"]}}],"collection":[{"href":"https:\/\/www.europesays.com\/se\/wp-json\/wp\/v2\/posts"}],"about":[{"href":"https:\/\/www.europesays.com\/se\/wp-json\/wp\/v2\/types\/post"}],"author":[{"embeddable":true,"href":"https:\/\/www.europesays.com\/se\/wp-json\/wp\/v2\/users\/2"}],"replies":[{"embeddable":true,"href":"https:\/\/www.europesays.com\/se\/wp-json\/wp\/v2\/comments?post=61507"}],"version-history":[{"count":0,"href":"https:\/\/www.europesays.com\/se\/wp-json\/wp\/v2\/posts\/61507\/revisions"}],"wp:featuredmedia":[{"embeddable":true,"href":"https:\/\/www.europesays.com\/se\/wp-json\/wp\/v2\/media\/61508"}],"wp:attachment":[{"href":"https:\/\/www.europesays.com\/se\/wp-json\/wp\/v2\/media?parent=61507"}],"wp:term":[{"taxonomy":"category","embeddable":true,"href":"https:\/\/www.europesays.com\/se\/wp-json\/wp\/v2\/categories?post=61507"},{"taxonomy":"post_tag","embeddable":true,"href":"https:\/\/www.europesays.com\/se\/wp-json\/wp\/v2\/tags?post=61507"}],"curies":[{"name":"wp","href":"https:\/\/api.w.org\/{rel}","templated":true}]}}