{"id":61519,"date":"2025-10-22T10:05:09","date_gmt":"2025-10-22T10:05:09","guid":{"rendered":"https:\/\/www.europesays.com\/se\/61519\/"},"modified":"2025-10-22T10:05:09","modified_gmt":"2025-10-22T10:05:09","slug":"stellan-skarsgard-kravs-pa-670-000-kronor-av-skatteverket","status":"publish","type":"post","link":"https:\/\/www.europesays.com\/se\/61519\/","title":{"rendered":"Stellan Skarsg\u00e5rd kr\u00e4vs p\u00e5 670\u00a0000 kronor av Skatteverket"},"content":{"rendered":"<p><a data-test-tag=\"internal-link\" href=\"https:\/\/www.aftonbladet.se\/av\/felix-wilow\" class=\"hyperion-css-13ns1rr\" rel=\"nofollow noopener\" target=\"\" aria-label=\"Se alla artiklar av Felix Wilow\"><img decoding=\"async\" class=\"image-asset hyperion-css-n6kkq1\" data-test-tag=\"image-asset\" src=\"https:\/\/www.europesays.com\/se\/wp-content\/uploads\/2025\/10\/1761127508_842_05c04d15-efb0-4d10-a1fe-6c828d09291f\"  alt=\"\"  loading=\"lazy\" fetchpriority=\"auto\" style=\"aspect-ratio:1900 \/ 1900\"\/><\/a><\/p>\n<p class=\"boxtextgrotesk-root_baa6 hyperion-css-7pajle\">Uppdaterad 11.52 | Publicerad 11.50<\/p>\n<p>share-arrowDela<\/p>\n<p>unsaveSpara<\/p>\n<p>expand-left<\/p>\n<p>helsk\u00e4rm<img decoding=\"async\" class=\"image-asset hyperion-css-u06ts1\" data-test-tag=\"image-asset\" src=\"https:\/\/www.europesays.com\/se\/wp-content\/uploads\/2025\/10\/5de7889c-c22b-4a24-9c2c-6414c508e738\"  alt=\"Stellan Skarsg\u00e5rd och sk\u00e5despelarkollegan Elle Fanning p\u00e5 biopremi\u00e4r i London. \"  loading=\"eager\" fetchpriority=\"high\" style=\"aspect-ratio:1900 \/ 1267\"\/>Stellan Skarsg\u00e5rd och sk\u00e5despelarkollegan Elle Fanning p\u00e5 biopremi\u00e4r i London. Foto: Stuart C. Wilson \/ Getty<\/p>\n<p class=\"hyperion-css-1shl3oz\" data-test-tag=\"lead-text\">Stellan Skarsg\u00e5rd har enligt Skatteverket redovisat f\u00f6r l\u00e5g inkomst.<\/p>\n<p class=\"hyperion-css-1shl3oz\" data-test-tag=\"lead-text\">Nu kr\u00e4vs sk\u00e5despelaren p\u00e5 straffskatt, rapporterar nyhetsbyr\u00e5n Siren.<\/p>\n<p class=\"hyperion-css-1v9qo5x\"><a data-test-tag=\"internal-link\" href=\"https:\/\/www.aftonbladet.se\/tagg\/stellan-skarsgard\" class=\"hyperion-css-15jkft9\" rel=\"nofollow noopener\" target=\"\" theme=\"entertainment\"><strong>Stellan Skarsg\u00e5rd<\/strong><\/a> bed\u00f6ms ha redovisat 2,6 miljoner kronor f\u00f6r l\u00e5g inkomst f\u00f6r inkomst\u00e5ret 2022. Det g\u00e4ller hans uppdrag utomlands d\u00e4r han beg\u00e4rt avr\u00e4kning f\u00f6r utl\u00e4ndsk skatt med l\u00e4gre belopp.<\/p>\n<p class=\"hyperion-css-1v9qo5x\">Nu har en f\u00e5tt ett skattetill\u00e4gg p\u00e5 n\u00e4stan 670\u00a0000 kronor.<\/p>\n<p class=\"hyperion-css-1v9qo5x\">Skarsg\u00e5rd fick en <a data-test-tag=\"internal-link\" href=\"https:\/\/www.aftonbladet.se\/nojesbladet\/a\/OoWPv1\/stellan-skarsgard-straffas-av-skatteverket\" class=\"hyperion-css-15jkft9\" rel=\"nofollow noopener\" target=\"\" aria-label=\"liknande straffskatt \u00e4ven f\u00f6r inkomst\u00e5ret innan\" theme=\"entertainment\">liknande straffskatt \u00e4ven f\u00f6r inkomst\u00e5ret innan<\/a>. D\u00e5 kr\u00e4vdes han p\u00e5 112\u00a0000 kronor.<\/p>\n<p class=\"hyperion-css-1v9qo5x\">\u201dEftersom du \u00e4r bosatt i Sverige \u00e4r du obegr\u00e4nsat skattskyldig i Sverige. Det inneb\u00e4r att du \u00e4r skattskyldig f\u00f6r alla dina inkomster i Sverige och i utlandet. N\u00e5got annat har inte framkommit \u00e4n att du ska anses ha hemvist i Sverige\u201d, skriver <a data-test-tag=\"internal-link\" href=\"https:\/\/www.aftonbladet.se\/tagg\/skatteverket\" class=\"hyperion-css-15jkft9\" rel=\"nofollow noopener\" target=\"\" aria-label=\"Skatteverket\" theme=\"entertainment\">Skatteverket<\/a> i sitt beslut.<\/p>\n","protected":false},"excerpt":{"rendered":"Uppdaterad 11.52 | Publicerad 11.50 share-arrowDela unsaveSpara expand-left helsk\u00e4rmStellan Skarsg\u00e5rd och sk\u00e5despelarkollegan Elle Fanning p\u00e5 biopremi\u00e4r i London.&hellip;\n","protected":false},"author":2,"featured_media":61520,"comment_status":"","ping_status":"","sticky":false,"template":"","format":"standard","meta":{"footnotes":""},"categories":[67],"tags":[104,34,31,33,32,30,105],"class_list":{"0":"post-61519","1":"post","2":"type-post","3":"status-publish","4":"format-standard","5":"has-post-thumbnail","7":"category-underhallning","8":"tag-entertainment","9":"tag-se","10":"tag-svenska","11":"tag-sverige","12":"tag-sweden","13":"tag-swedish","14":"tag-underhallning"},"share_on_mastodon":{"url":"","error":""},"_links":{"self":[{"href":"https:\/\/www.europesays.com\/se\/wp-json\/wp\/v2\/posts\/61519","targetHints":{"allow":["GET"]}}],"collection":[{"href":"https:\/\/www.europesays.com\/se\/wp-json\/wp\/v2\/posts"}],"about":[{"href":"https:\/\/www.europesays.com\/se\/wp-json\/wp\/v2\/types\/post"}],"author":[{"embeddable":true,"href":"https:\/\/www.europesays.com\/se\/wp-json\/wp\/v2\/users\/2"}],"replies":[{"embeddable":true,"href":"https:\/\/www.europesays.com\/se\/wp-json\/wp\/v2\/comments?post=61519"}],"version-history":[{"count":0,"href":"https:\/\/www.europesays.com\/se\/wp-json\/wp\/v2\/posts\/61519\/revisions"}],"wp:featuredmedia":[{"embeddable":true,"href":"https:\/\/www.europesays.com\/se\/wp-json\/wp\/v2\/media\/61520"}],"wp:attachment":[{"href":"https:\/\/www.europesays.com\/se\/wp-json\/wp\/v2\/media?parent=61519"}],"wp:term":[{"taxonomy":"category","embeddable":true,"href":"https:\/\/www.europesays.com\/se\/wp-json\/wp\/v2\/categories?post=61519"},{"taxonomy":"post_tag","embeddable":true,"href":"https:\/\/www.europesays.com\/se\/wp-json\/wp\/v2\/tags?post=61519"}],"curies":[{"name":"wp","href":"https:\/\/api.w.org\/{rel}","templated":true}]}}