{"id":61521,"date":"2025-10-22T10:11:40","date_gmt":"2025-10-22T10:11:40","guid":{"rendered":"https:\/\/www.europesays.com\/se\/61521\/"},"modified":"2025-10-22T10:11:40","modified_gmt":"2025-10-22T10:11:40","slug":"forssell-kommer-inte-att-hitta-losningen-pa-integrationen","status":"publish","type":"post","link":"https:\/\/www.europesays.com\/se\/61521\/","title":{"rendered":"Forssell kommer inte att hitta l\u00f6sningen p\u00e5 integrationen"},"content":{"rendered":"<p>Migrationsminister Johan Forssell (M) \u00e4r p\u00e5 turn\u00e9 runt om i landet, men jag tvivlar p\u00e5 att han kommer hitta det han s\u00f6ker, det vill s\u00e4ga svaret p\u00e5 integrationsfr\u00e5gan.<\/p>\n<p>Varf\u00f6r? L\u00e5t oss \u00e5terkomma till det.\u00a0<\/p>\n<p><a href=\"https:\/\/www.gp.se\/politik\/ministerns-plan-turne-hos-invandrade-entreprenorer.43a6c61b-49a2-45c5-8b83-ebcac6df4143\" rel=\"nofollow noopener\" target=\"_blank\">G\u00f6teborgs-Posten<\/a> f\u00f6ljer med Forssell p\u00e5 ett bes\u00f6k hos butiks\u00e4garen Muhittin Tayli i J\u00e4rf\u00e4lla, norr om Stockholm. Tayli kom till Sverige fr\u00e5n Turkiet i slutet av 80-talet och startade en matbutik som nu blivit en framg\u00e5ngsrik kedja. Han har fyra barn, alla med p\u00e5g\u00e5ende eller avslutad universitetsutbildning.\u00a0<\/p>\n<p><b>En framg\u00e5ngssaga. <\/b>Muhittin Tayli representerar den integrerade, sk\u00f6tsamma invandraren som blir en del av det svenska samh\u00e4llet. Johan Forssell \u00e4r mycket intresserad av den processen: att bli svensk.<\/p>\n<p>Men hur blir man det?\u00a0<\/p>\n<p>Tid\u00f6partierna lagt stor vikt vid att f\u00f6rs\u00f6ka definiera svenskhet. Sverigedemokraterna har varit motorn, men genom Tid\u00f6avtalet anammades den nationalistiska retoriken av M, KD och L, och s\u00e5 sm\u00e5ningom f\u00f6ljde fler efter. \u00a0<\/p>\n<p>P\u00e5 Almedalsveckan i fjol hade n\u00e4stan alla partiledare den svenska flaggan som backdrop under sina tal. Flera av dem pratade om Sverige och svenskhet p\u00e5 ett s\u00e4tt som k\u00e4ndes fr\u00e4mmande. Magdalena Andersson (S) deklarerade att flaggan ska vaja p\u00e5 varje torg.\u00a0<\/p>\n<p><b>Tid\u00f6partierna vill kunna<\/b> utvisa invandrare som uppvisar \u201dbristande vandel\u201d. SD:s l\u00e5nglivade dr\u00f6m om en kulturkanon har blivit verklighet. KD har <a href=\"https:\/\/www.svd.se\/a\/LMrLMJ\/kd-ratt-och-fel-avgors-inte-bara-av-lagen\" rel=\"nofollow noopener\" target=\"_blank\">deklarerat<\/a> att \u201dr\u00e4tt och fel avg\u00f6rs inte bara av lagen\u201d \u2013 ett budskap som i princip g\u00e5tt obem\u00e4rkt f\u00f6rbi, n\u00e4r det i en rimligare v\u00e4rld hade v\u00e4ckt starka reaktioner.<\/p>\n<blockquote><p>Partiet vill l\u00e4ra invandrare oskrivna svenska regler och tvinga dem att skriva p\u00e5 ett \u201dSverigekontrakt\u201d.<\/p><\/blockquote>\n<p>Politiken har utvecklat en besatthet av svenska v\u00e4rderingar och det tycks nu r\u00e5da en t\u00e4vling om vem som kan vara mest nationalistisk, mest repressiv \u2013 allt i integrationens namn. Fr\u00e5gan \u00e4r om det man f\u00f6resl\u00e5r ens leder till f\u00f6rb\u00e4ttrad integration.\u00a0<\/p>\n<p>Nu tar Moderaterna ytterligare steg i nationalistisk riktning, \u00e5terigen med integration som motivering. Partiet vill l\u00e4ra invandrare oskrivna svenska regler och tvinga dem att skriva p\u00e5 ett \u201dSverigekontrakt\u201d, ett uppdrag som \u00e5l\u00e4ggs en myndighet, oklart vilken.<\/p>\n<p>Svenska v\u00e4rderingar gick allts\u00e5 fort fr\u00e5n att vara ett retoriskt slagtr\u00e4 till att bli n\u00e5got som ska avg\u00f6ra m\u00e4nniskors r\u00e4tt att vistas i Sverige. Vad kommer h\u00e4rn\u00e4st? L\u00e4s r\u00e4tt b\u00f6cker, eller kastas ut? St\u00e5 f\u00f6r n\u00e4ra n\u00e5gon i bussk\u00f6n och bli av med ditt medborgarskap?<\/p>\n<p><b>Problemet \u00e4r att <\/b>det \u00e4r om\u00f6jligt att definiera svenskhet; och att den version vi f\u00e5r d\u00e4rf\u00f6r \u00e4r signerad Tid\u00f6partierna \u2013 och d\u00e4rmed klart nationalistisk, f\u00f6r att inte s\u00e4ga rasistisk.<\/p>\n<p>Oskrivna regler ska f\u00f6rbli just oskrivna, eftersom de \u00e4r n\u00e5got helt annat n\u00e4r de s\u00e4tts p\u00e5 pr\u00e4nt p\u00e5 regeringspapper \u2013 och de regler som Tid\u00f6 ser som sj\u00e4lvklara tvivlar jag p\u00e5 att alla skriver under p\u00e5.\u00a0<\/p>\n<p>S\u00e5 varf\u00f6r kommer Forssell inte att finna det han s\u00f6ker, det vill s\u00e4ga fungerande integration? Well, det hade kr\u00e4vt en tidsresa.\u00a0<\/p>\n<p>Det som fanns under den period d\u00e5 Muhittin Tayli kom till Sverige saknas i stor utstr\u00e4ckning i dag. Jobb. Bost\u00e4der. En skola utan prefixet marknad. Och ett kultur- och f\u00f6reningsliv d\u00e4r m\u00e4nniskor l\u00e4rde sig spr\u00e5ket och \u201doskrivna regler\u201d p\u00e5 ett icke-repressivt s\u00e4tt. Allt detta har Forssells parti och hans samarbetspartners skalat ner.\u00a0<\/p>\n<p><b>Det Tid\u00f6partierna g\u00f6r<\/b> \u00e4r att m\u00e5lmedvetet m\u00e5la upp en bild av att invandrare \u00e4r paria: o\u00f6nskade, kostsamma, ett hot mot gemenskapen. Inte konstigt att en s\u00e5dan retorik till slut \u00f6kar fientligheten mot m\u00e4nniskor fr\u00e5n andra l\u00e4nder; inte konstigt att ett s\u00e5dant samh\u00e4lle sluter sig. Det leder ocks\u00e5 till f\u00f6rs\u00e4mrad integration.<\/p>\n<p>Och det \u00e4r, om vi ska vara \u00e4rliga, s\u00e5 Tid\u00f6partierna vill ha det. Det h\u00e4r har aldrig handlat om integration, det har handlat om att inte ta emot. De ska inte vilja komma hit och vi ska inte vilja ha hit dem.<\/p>\n<p>S\u00e5 bygger man Sverige Tid\u00f6svenskt.\u00a0<\/p>\n","protected":false},"excerpt":{"rendered":"Migrationsminister Johan Forssell (M) \u00e4r p\u00e5 turn\u00e9 runt om i landet, men jag tvivlar p\u00e5 att han kommer&hellip;\n","protected":false},"author":2,"featured_media":61522,"comment_status":"","ping_status":"","sticky":false,"template":"","format":"standard","meta":{"footnotes":""},"categories":[12],"tags":[22,23,26,27,17,21,24,25,28,29,15,16,18,34,31,33,32,30,19,20],"class_list":{"0":"post-61521","1":"post","2":"type-post","3":"status-publish","4":"format-standard","5":"has-post-thumbnail","7":"category-sverige","8":"tag-breaking-news","9":"tag-breakingnews","10":"tag-featured-news","11":"tag-featurednews","12":"tag-headlines","13":"tag-huvudnyheter","14":"tag-latest-news","15":"tag-latestnews","16":"tag-main-news","17":"tag-mainnews","18":"tag-news","19":"tag-nyheter","20":"tag-rubriker","21":"tag-se","22":"tag-svenska","23":"tag-sverige","24":"tag-sweden","25":"tag-swedish","26":"tag-top-stories","27":"tag-topstories"},"share_on_mastodon":{"url":"","error":""},"_links":{"self":[{"href":"https:\/\/www.europesays.com\/se\/wp-json\/wp\/v2\/posts\/61521","targetHints":{"allow":["GET"]}}],"collection":[{"href":"https:\/\/www.europesays.com\/se\/wp-json\/wp\/v2\/posts"}],"about":[{"href":"https:\/\/www.europesays.com\/se\/wp-json\/wp\/v2\/types\/post"}],"author":[{"embeddable":true,"href":"https:\/\/www.europesays.com\/se\/wp-json\/wp\/v2\/users\/2"}],"replies":[{"embeddable":true,"href":"https:\/\/www.europesays.com\/se\/wp-json\/wp\/v2\/comments?post=61521"}],"version-history":[{"count":0,"href":"https:\/\/www.europesays.com\/se\/wp-json\/wp\/v2\/posts\/61521\/revisions"}],"wp:featuredmedia":[{"embeddable":true,"href":"https:\/\/www.europesays.com\/se\/wp-json\/wp\/v2\/media\/61522"}],"wp:attachment":[{"href":"https:\/\/www.europesays.com\/se\/wp-json\/wp\/v2\/media?parent=61521"}],"wp:term":[{"taxonomy":"category","embeddable":true,"href":"https:\/\/www.europesays.com\/se\/wp-json\/wp\/v2\/categories?post=61521"},{"taxonomy":"post_tag","embeddable":true,"href":"https:\/\/www.europesays.com\/se\/wp-json\/wp\/v2\/tags?post=61521"}],"curies":[{"name":"wp","href":"https:\/\/api.w.org\/{rel}","templated":true}]}}