{"id":61527,"date":"2025-10-22T10:18:12","date_gmt":"2025-10-22T10:18:12","guid":{"rendered":"https:\/\/www.europesays.com\/se\/61527\/"},"modified":"2025-10-22T10:18:12","modified_gmt":"2025-10-22T10:18:12","slug":"minst-46-doda-i-trafikolycka-i-uganda-expressen","status":"publish","type":"post","link":"https:\/\/www.europesays.com\/se\/61527\/","title":{"rendered":"Minst 46 d\u00f6da i trafikolycka i Uganda &#8211; Expressen"},"content":{"rendered":"<ol>\n<li><a href=\"https:\/\/news.google.com\/rss\/articles\/CBMilwFBVV95cUxNYWcxRWxBaXNQWjN4WUpqZ0M3aVNlZ3NwUUplRnpibWp3bGY4ZnU3dmRJMmdCWmdlY2dkWmhzU0tlQW9qd2ZKUC1DNUV4WHIyTGxsY0ZTM1d2NHFiUkd4UkdmbXdkMTQ3QmlXNWZjZE1LeEhBeklxZFdlRS10YnVzc1locmpOdUpkUFNzaV9BRzlvbWFEM3VR?oc=5\" target=\"_blank\" rel=\"nofollow noopener\">Minst 46 d\u00f6da i trafikolycka i Uganda<\/a>&nbsp;&nbsp;Expressen<\/li>\n<li><a href=\"https:\/\/news.google.com\/rss\/articles\/CBMixAFBVV95cUxONXljZmpZZkRXd1ZlV1ZWX0pjd3hQMUlIVFNoYTRmTzBzY1hoR2hOQU5qREp6WE14M18xMTBXQnduU3NvWEFSbUFvVFVkYjFkeFloRzFUT1FtRzN2TEZBRlo1SHlpOGstc3V1OTNOSnh4WTJlU3kyNnFCQU9yV0N0X1NLS2lQT3JXTXBYWmtpZ0FrV25ETDhSd3RmaGdXbFRrR2pZUWxscG5lbFRyeWx3TnJRYTMyZzlucnlTWDdPS3gzRWxj?oc=5\" target=\"_blank\" rel=\"nofollow noopener\">Ambulansd\u00e5det: Den misst\u00e4nkte led inte av allvarlig psykisk st\u00f6rning under attacken<\/a>&nbsp;&nbsp;SVT Nyheter<\/li>\n<li><a href=\"https:\/\/news.google.com\/rss\/articles\/CBMiigFBVV95cUxQdHMwblByd2lSME1yWlFfSGE4YXdMeGFvMnFVaFlwNzUwaGp6Q2NCa2J0X1dzdXQ4QXNYYzRGbXh0b1dDdGV4ZkVJMUtrWEltVjc4VUlXcDlJbmlWWTg2aFo1UTdwY1ZwVXVsWnNMWWRYVzhDbURQR29lRlpiZ0pvWFVYM1FOS3BLSFE?oc=5\" target=\"_blank\" rel=\"nofollow noopener\">Led inte av allvarlig psykisk st\u00f6rning under ambulansd\u00e5det<\/a>&nbsp;&nbsp;Aftonbladet<\/li>\n<li><a href=\"https:\/\/news.google.com\/rss\/articles\/CBMigAFBVV95cUxOank0TkZPZEZhSFN1b1VlbWtJbE1xTS1QZWdrUUNLY2x5Ny1WTEVWSjh1cmJObFA5bkZfa0o0U0YtaEw0cnJiZjNyWlZtc0lXZkpiUW5lcWY4bVd0UzlJeWZzVW5fZ1AtWHJwVFF5dVRzbmFxbnhYUDdOaGVERGNtNg?oc=5\" target=\"_blank\" rel=\"nofollow noopener\">Misst\u00e4nkt f\u00f6r ambulansmordet led inte av en allvarlig psykisk st\u00f6rning<\/a>&nbsp;&nbsp;Omni<\/li>\n<li><a href=\"https:\/\/news.google.com\/rss\/articles\/CBMikgFBVV95cUxPMmdxbDhKQkxkWkRDY09DODBwSWd0TkpoUHJqelhadmJTX3NNZDRUMHVTblplSFhWdnJVQlpoZF9qb3BqTHFYdGMwdnJZRS1mX3dYNHRlRlo0a3E1XzhPZFJONnZxVWEya1BPQmlXSTlUYzFMVGh2NEtDQWs0YmhCMUw2amlyaGhuWVJMR1NIMVY0QQ?oc=5\" target=\"_blank\" rel=\"nofollow noopener\">Ingen allvarlig psykisk st\u00f6rning vid ambulansd\u00e5d<\/a>&nbsp;&nbsp;Ystads Allehanda<\/li>\n<\/ol>\n","protected":false},"excerpt":{"rendered":"Minst 46 d\u00f6da i trafikolycka i Uganda&nbsp;&nbsp;Expressen Ambulansd\u00e5det: Den misst\u00e4nkte led inte av allvarlig psykisk st\u00f6rning under attacken&nbsp;&nbsp;SVT&hellip;\n","protected":false},"author":2,"featured_media":39,"comment_status":"","ping_status":"","sticky":false,"template":"","format":"standard","meta":{"footnotes":""},"categories":[14],"tags":[22,23,26,27,35,17,21,24,25,28,29,15,16,18,34,31,33,32,30,19,20,51,52,53,54],"class_list":{"0":"post-61527","1":"post","2":"type-post","3":"status-publish","4":"format-standard","5":"has-post-thumbnail","7":"category-varlden","8":"tag-breaking-news","9":"tag-breakingnews","10":"tag-featured-news","11":"tag-featurednews","12":"tag-function-ta-bort-ai-rost","13":"tag-headlines","14":"tag-huvudnyheter","15":"tag-latest-news","16":"tag-latestnews","17":"tag-main-news","18":"tag-mainnews","19":"tag-news","20":"tag-nyheter","21":"tag-rubriker","22":"tag-se","23":"tag-svenska","24":"tag-sverige","25":"tag-sweden","26":"tag-swedish","27":"tag-top-stories","28":"tag-topstories","29":"tag-varlden","30":"tag-world","31":"tag-world-news","32":"tag-worldnews"},"share_on_mastodon":{"url":"","error":""},"_links":{"self":[{"href":"https:\/\/www.europesays.com\/se\/wp-json\/wp\/v2\/posts\/61527","targetHints":{"allow":["GET"]}}],"collection":[{"href":"https:\/\/www.europesays.com\/se\/wp-json\/wp\/v2\/posts"}],"about":[{"href":"https:\/\/www.europesays.com\/se\/wp-json\/wp\/v2\/types\/post"}],"author":[{"embeddable":true,"href":"https:\/\/www.europesays.com\/se\/wp-json\/wp\/v2\/users\/2"}],"replies":[{"embeddable":true,"href":"https:\/\/www.europesays.com\/se\/wp-json\/wp\/v2\/comments?post=61527"}],"version-history":[{"count":0,"href":"https:\/\/www.europesays.com\/se\/wp-json\/wp\/v2\/posts\/61527\/revisions"}],"wp:featuredmedia":[{"embeddable":true,"href":"https:\/\/www.europesays.com\/se\/wp-json\/wp\/v2\/media\/39"}],"wp:attachment":[{"href":"https:\/\/www.europesays.com\/se\/wp-json\/wp\/v2\/media?parent=61527"}],"wp:term":[{"taxonomy":"category","embeddable":true,"href":"https:\/\/www.europesays.com\/se\/wp-json\/wp\/v2\/categories?post=61527"},{"taxonomy":"post_tag","embeddable":true,"href":"https:\/\/www.europesays.com\/se\/wp-json\/wp\/v2\/tags?post=61527"}],"curies":[{"name":"wp","href":"https:\/\/api.w.org\/{rel}","templated":true}]}}