{"id":61530,"date":"2025-10-22T10:23:09","date_gmt":"2025-10-22T10:23:09","guid":{"rendered":"https:\/\/www.europesays.com\/se\/61530\/"},"modified":"2025-10-22T10:23:09","modified_gmt":"2025-10-22T10:23:09","slug":"daniel-kindberg-hyllar-graham-potter","status":"publish","type":"post","link":"https:\/\/www.europesays.com\/se\/61530\/","title":{"rendered":"Daniel Kindberg hyllar Graham Potter"},"content":{"rendered":"<p>De jobbade ihop i \u00d6stersunds FK &#8211; och Daniel Kindberg har bara bra saker att s\u00e4ga.<\/p>\n<p>Daniel Kindberg, \u00d6stersunds tidigare ordf\u00f6rande hyllar den nya svenske f\u00f6rbundskaptenen Graham Potter. <\/p>\n<p style=\"line-height: 1.38; margin-top: 0pt; margin-bottom: 0pt\">De jobbade ihop i \u201c\u00d6FK\u201d, och Kindberg \u00e4r \u00f6vertygad om det \u00e4r r\u00e4tt man p\u00e5 r\u00e4tt plats, ber\u00e4ttar han f\u00f6r <a target=\"_blank\" href=\"https:\/\/www.aftonbladet.se\/sportbladet\/fotboll\/a\/RzPrPx\/daniel-kindberg-hyllar-graham-potter-borjan-pa-nagot-stort\" rel=\"nofollow noopener\">Sportbladet <\/a>. <\/p>\n<p style=\"line-height: 1.38; margin-top: 0pt; margin-bottom: 0pt\">\u2013 Det \u00e4r en enorm stolthet och gl\u00e4dje, jag blir mycket r\u00f6rd och det blir m\u00e5nga k\u00e4nslor som bubblar i mig. <\/p>\n<p style=\"line-height: 1.38; margin-top: 0pt; margin-bottom: 0pt\">Han s\u00e4ger med: <\/p>\n<p style=\"line-height: 1.38; margin-top: 0pt; margin-bottom: 0pt\">\u2013 Det ber\u00f6r mig djupt. Jag tror att det \u00e4r n\u00e5got jag delar med m\u00e5nga j\u00e4mtar och f\u00f6rhoppningsvis m\u00e5nga svenskar. Jag vet hur mycket vi i Sverige och i J\u00e4mtland betyder f\u00f6r Graham Potter, jag vet hur stolt han \u00e4r \u00f6ver att representera Sverige. D\u00e5 kom han till den r\u00e4tta svenska gr\u00e4srotsfotbollen. Han vet att det handlar om att m\u00e4nniskor ska k\u00e4nna en styrka och trygghet tillsammans. Han \u00e4r mer svensk \u00e4n m\u00e5nga svenskar och kommer att passa landslaget j\u00e4ttebra. <\/p>\n<p style=\"line-height: 1.38; margin-top: 0pt; margin-bottom: 0pt\">Varf\u00f6r \u00d6stersunds plockade in honom? <\/p>\n<p style=\"line-height: 1.38; margin-top: 0pt; margin-bottom: 0pt\">\u2013 Det tog tid att rekrytera honom, men det blev lyckat. Jag \u00e4r enormt glad f\u00f6r det tipset jag fick d\u00e5 av en gemensam v\u00e4n. Vi hade en v\u00e4ldigt tydlig id\u00e9 i v\u00e5r klubb hur vi ville att fotbollen skulle utvecklas. Det st\u00e4mde v\u00e4ldigt v\u00e4l \u00f6verens p\u00e5 hans syn p\u00e5 fotboll, m\u00e4nniskan och vad som kan skapa framg\u00e5ng. D\u00e4r och d\u00e5 var det en v\u00e4ldigt h\u00e4rlig match f\u00f6r b\u00e5de oss och honom. B\u00e5de han och vi utvecklades p\u00e5 ett fantastiskt s\u00e4tt tillsammans. Det blev n\u00e5got fantastiskt av det. Vi hade v\u00e4ldigt tydlig syn p\u00e5 hur vi ville att m\u00e4nniskor ska vara, d\u00e4r kunde vi inte kompromissa och det anammade Graham Potter storartat. <\/p>\n","protected":false},"excerpt":{"rendered":"De jobbade ihop i \u00d6stersunds FK &#8211; och Daniel Kindberg har bara bra saker att s\u00e4ga. Daniel Kindberg,&hellip;\n","protected":false},"author":2,"featured_media":61531,"comment_status":"","ping_status":"","sticky":false,"template":"","format":"standard","meta":{"footnotes":""},"categories":[68],"tags":[159,158,157,138,156,165,164,140,34,160,162,111,110,31,161,33,32,30,163],"class_list":{"0":"post-61530","1":"post","2":"type-post","3":"status-publish","4":"format-standard","5":"has-post-thumbnail","7":"category-sport","8":"tag-allsvenskan","9":"tag-fans","10":"tag-fantv","11":"tag-fotboll","12":"tag-hockey","13":"tag-matcher","14":"tag-matchprogram","15":"tag-premier-league","16":"tag-se","17":"tag-serie-a","18":"tag-spelschema","19":"tag-sport","20":"tag-sports","21":"tag-svenska","22":"tag-svenskafans","23":"tag-sverige","24":"tag-sweden","25":"tag-swedish","26":"tag-tabeller"},"share_on_mastodon":{"url":"","error":""},"_links":{"self":[{"href":"https:\/\/www.europesays.com\/se\/wp-json\/wp\/v2\/posts\/61530","targetHints":{"allow":["GET"]}}],"collection":[{"href":"https:\/\/www.europesays.com\/se\/wp-json\/wp\/v2\/posts"}],"about":[{"href":"https:\/\/www.europesays.com\/se\/wp-json\/wp\/v2\/types\/post"}],"author":[{"embeddable":true,"href":"https:\/\/www.europesays.com\/se\/wp-json\/wp\/v2\/users\/2"}],"replies":[{"embeddable":true,"href":"https:\/\/www.europesays.com\/se\/wp-json\/wp\/v2\/comments?post=61530"}],"version-history":[{"count":0,"href":"https:\/\/www.europesays.com\/se\/wp-json\/wp\/v2\/posts\/61530\/revisions"}],"wp:featuredmedia":[{"embeddable":true,"href":"https:\/\/www.europesays.com\/se\/wp-json\/wp\/v2\/media\/61531"}],"wp:attachment":[{"href":"https:\/\/www.europesays.com\/se\/wp-json\/wp\/v2\/media?parent=61530"}],"wp:term":[{"taxonomy":"category","embeddable":true,"href":"https:\/\/www.europesays.com\/se\/wp-json\/wp\/v2\/categories?post=61530"},{"taxonomy":"post_tag","embeddable":true,"href":"https:\/\/www.europesays.com\/se\/wp-json\/wp\/v2\/tags?post=61530"}],"curies":[{"name":"wp","href":"https:\/\/api.w.org\/{rel}","templated":true}]}}