{"id":61543,"date":"2025-10-22T10:40:10","date_gmt":"2025-10-22T10:40:10","guid":{"rendered":"https:\/\/www.europesays.com\/se\/61543\/"},"modified":"2025-10-22T10:40:10","modified_gmt":"2025-10-22T10:40:10","slug":"birgit-nilsson-priset-delades-ut-av-kungen","status":"publish","type":"post","link":"https:\/\/www.europesays.com\/se\/61543\/","title":{"rendered":"Birgit Nilsson-priset delades ut av Kungen"},"content":{"rendered":"<p class=\"normal\">Birgit Nilsson-priset \u00e4r v\u00e4rldens st\u00f6rsta pris f\u00f6r klassisk musik. Under g\u00e5rdagens prisceremoni delade Kungen ut priset till Sophie Joissains, borgm\u00e4stare i Aix-en-Provence och Paul Hermelin, ordf\u00f6rande i musikfestivalens styrelse.<\/p>\n<p class=\"normal\">Priset delas ut ungef\u00e4r vart tredje \u00e5r och hyllar aktiva s\u00e5ngare, musiker och institutioner som har gjort stora avtryck inom den klassiska musiken.<\/p>\n<p class=\"normal\"><a href=\"https:\/\/birgitnilsson.com\/prize\/om\/\" rel=\"external nofollow noopener\" target=\"_blank\">L\u00e4s mer om priset h\u00e4r<\/a><\/p>\n","protected":false},"excerpt":{"rendered":"Birgit Nilsson-priset \u00e4r v\u00e4rldens st\u00f6rsta pris f\u00f6r klassisk musik. Under g\u00e5rdagens prisceremoni delade Kungen ut priset till Sophie&hellip;\n","protected":false},"author":2,"featured_media":61544,"comment_status":"","ping_status":"","sticky":false,"template":"","format":"standard","meta":{"footnotes":""},"categories":[67],"tags":[104,34,31,33,32,30,105],"class_list":{"0":"post-61543","1":"post","2":"type-post","3":"status-publish","4":"format-standard","5":"has-post-thumbnail","7":"category-underhallning","8":"tag-entertainment","9":"tag-se","10":"tag-svenska","11":"tag-sverige","12":"tag-sweden","13":"tag-swedish","14":"tag-underhallning"},"share_on_mastodon":{"url":"","error":""},"_links":{"self":[{"href":"https:\/\/www.europesays.com\/se\/wp-json\/wp\/v2\/posts\/61543","targetHints":{"allow":["GET"]}}],"collection":[{"href":"https:\/\/www.europesays.com\/se\/wp-json\/wp\/v2\/posts"}],"about":[{"href":"https:\/\/www.europesays.com\/se\/wp-json\/wp\/v2\/types\/post"}],"author":[{"embeddable":true,"href":"https:\/\/www.europesays.com\/se\/wp-json\/wp\/v2\/users\/2"}],"replies":[{"embeddable":true,"href":"https:\/\/www.europesays.com\/se\/wp-json\/wp\/v2\/comments?post=61543"}],"version-history":[{"count":0,"href":"https:\/\/www.europesays.com\/se\/wp-json\/wp\/v2\/posts\/61543\/revisions"}],"wp:featuredmedia":[{"embeddable":true,"href":"https:\/\/www.europesays.com\/se\/wp-json\/wp\/v2\/media\/61544"}],"wp:attachment":[{"href":"https:\/\/www.europesays.com\/se\/wp-json\/wp\/v2\/media?parent=61543"}],"wp:term":[{"taxonomy":"category","embeddable":true,"href":"https:\/\/www.europesays.com\/se\/wp-json\/wp\/v2\/categories?post=61543"},{"taxonomy":"post_tag","embeddable":true,"href":"https:\/\/www.europesays.com\/se\/wp-json\/wp\/v2\/tags?post=61543"}],"curies":[{"name":"wp","href":"https:\/\/api.w.org\/{rel}","templated":true}]}}