{"id":61565,"date":"2025-10-22T11:10:25","date_gmt":"2025-10-22T11:10:25","guid":{"rendered":"https:\/\/www.europesays.com\/se\/61565\/"},"modified":"2025-10-22T11:10:25","modified_gmt":"2025-10-22T11:10:25","slug":"smilla-holmberg-om-bilden-med-walter-wallberg-lite-annorlunda-landslaget","status":"publish","type":"post","link":"https:\/\/www.europesays.com\/se\/61565\/","title":{"rendered":"Smilla Holmberg om bilden med Walter Wallberg: \u201dLite annorlunda\u201d | Landslaget"},"content":{"rendered":"<p>Publicerad 22 okt 2025 kl 09.55Uppdaterad kl 11.34<\/p>\n<p>Smilla Holmberg blir l\u00e4tt rastl\u00f6s.<\/p>\n<p>S\u00e5, varf\u00f6r inte g\u00f6ra en fotografering med Walter Wallberg?\u00a0<\/p>\n<p>\u2013\u00a0Det g\u00f6r man g\u00e4rna om, s\u00e4ger hon.\u00a0<\/p>\n<p><img   alt=\"\"\/> <\/p>\n<p>Foto: LUDVIG THUNMAN \/ BILDBYR\u00c5N<\/p>\n<p>\u00d6ppna bild i helsk\u00e4rm<\/p>\n<p>Smilla Holmberg har haft ett str\u00e5lande fotbolls\u00e5r.<\/p>\n<p>Trots att det bara \u00e4r oktober har hon hunnit sl\u00e5 igenom internationellt efter sina insatser med landslaget under EM i somras. Och hemma i klubblaget Hammarby har hon gjort sex m\u00e5l.\u00a0<\/p>\n<p>Nu kan den svenska talangen ocks\u00e5 prisas f\u00f6r sina prestationer.\u00a0<\/p>\n<p>19-\u00e5ringen \u00e4r en av tio nominerade till golden girl-priset. Det delas ut av den italienska tidningen Tuttosport och g\u00e5r till b\u00e4sta europeiska spelare under 21 \u00e5r.<\/p>\n<p>\u2013 Det \u00e4r superkul. Jag \u00e4r j\u00e4ttetacksam att f\u00e5 vara p\u00e5 en s\u00e5n lista med de skickliga spelarna. S\u00e5 det \u00e4r en \u00e4ra att f\u00e5 vara med p\u00e5 den.<\/p>\n<p><strong>Hur fick du veta att du var p\u00e5 listan?<\/strong>\u00a0<\/p>\n<p>\u2013 Jag tror att det var n\u00e5gon som la ut och s\u00e5 s\u00e5g jag det. Jag hade ingen aning om att den listan skulle komma ut. S\u00e5 jag bara s\u00e5g n\u00e5gonstans p\u00e5 Instagram.<\/p>\n<p>D\u00f6k upp med Wallberg<\/p>\n<p>Uppm\u00e4rksamheten kring Smilla Holmberg har varit stor sedan genomslaget i EM. Fans flockas runt 19-\u00e5ringen efter varje match och tr\u00e4ning hemma i Stockholm.\u00a0<\/p>\n<p>\u2013 Det har blivit lite mer. Men det \u00e4r verkligen n\u00e5got som jag uppskattar och inte vill ta f\u00f6rgivet. Jag l\u00e4gger g\u00e4rna en del tid p\u00e5 att ta n\u00e5gon bild eller autograf. Om det \u00e4r s\u00e5 att man kan inspirera eller vara f\u00f6rebild f\u00f6r n\u00e5gon s\u00e5 betyder det allt.<\/p>\n<p><strong>\u00a0Vad s\u00e4ger de till dig?<\/strong><\/p>\n<p>\u2013 Mest fr\u00e5gar de om bilder. Men en g\u00e5ng var det n\u00e5gon som hade en intervju och fr\u00e5gade om favoritf\u00e4rg och favoritdjur.\u00a0<\/p>\n<p>Men framg\u00e5ngarna och genomslaget har gjort att hon f\u00e5tt g\u00f6ra saker \u00e4ven utanf\u00f6r fotbollsplanen. Nyligen genomf\u00f6rde hon en fotografering tillsammans med puckelpiststj\u00e4rnan Walter Wallberg f\u00f6r modetidningen Plaza.\u00a0<\/p>\n<p><strong>Hur var det?<\/strong><\/p>\n<p>\u2013 Det var kul faktiskt. Lite annorlunda \u00e4n vad man \u00e4r van vid, med makeupartist och h\u00e5r, det var lite annorlunda, men det var kul.\u00a0<\/p>\n<p><strong>K\u00e4nner du dig bekv\u00e4m i s\u00e5dana sammanhang?\u00a0<\/strong><\/p>\n<p>\u2013 Det var ovant, men \u00e4nd\u00e5 en rolig grej. S\u00e5 det g\u00f6r man g\u00e4rna om faktiskt.\u00a0<\/p>\n<p><strong>\u00a0Skulle du vilja kl\u00e4 dig s\u00e5 som du blev kl\u00e4dd?\u00a0<\/strong><\/p>\n<p>\u2013 Nej, det hade jag inte gjort. Det var lite coola kl\u00e4der f\u00f6r stunden, men jag hade inte f\u00e5tt p\u00e5 mig det p\u00e5 fritiden.<\/p>\n<p>Smilla Holmberg har m\u00e4rkt av ett \u00f6kat intresse f\u00f6r just s\u00e5dana grejer, \u00e4n s\u00e5 l\u00e4nge \u00e4r det bara roligt och tar inte energi fr\u00e5n jobbet som fotbollspelare.\u00a0<\/p>\n<p>\u2013 Jag \u00e4r en s\u00e5n som blir rastl\u00f6s p\u00e5 lediga dagar s\u00e5 vill jag inte heller bara g\u00e5 hemma. Nu n\u00e4r man inte har skolan s\u00e5 blir det typ lite deppigt p\u00e5 eftermiddagarna och p\u00e5 lediga dagar. S\u00e5 det \u00e4r lite kul att ha n\u00e5got annat f\u00f6r sig ocks\u00e5.<\/p>\n<p><a href=\"https:\/\/www.instagram.com\/p\/DPG98T_jIYi\/?img_index=1\" data-provider=\"instagram\" class=\"js-social-embed\" rel=\"nofollow noopener\" target=\"_blank\">https:\/\/www.instagram.com\/p\/DPG98T_jIYi\/?img_index=1<\/a><script async src=\"\/\/www.instagram.com\/embed.js\"><\/script><\/p>\n","protected":false},"excerpt":{"rendered":"Publicerad 22 okt 2025 kl 09.55Uppdaterad kl 11.34 Smilla Holmberg blir l\u00e4tt rastl\u00f6s. S\u00e5, varf\u00f6r inte g\u00f6ra en&hellip;\n","protected":false},"author":2,"featured_media":61566,"comment_status":"","ping_status":"","sticky":false,"template":"","format":"standard","meta":{"footnotes":""},"categories":[5],"tags":[22,23,26,27,17,21,24,25,28,29,15,16,1954,18,34,129,146,31,33,32,30,19,20],"class_list":{"0":"post-61565","1":"post","2":"type-post","3":"status-publish","4":"format-standard","5":"has-post-thumbnail","7":"category-rubriker","8":"tag-breaking-news","9":"tag-breakingnews","10":"tag-featured-news","11":"tag-featurednews","12":"tag-headlines","13":"tag-huvudnyheter","14":"tag-latest-news","15":"tag-latestnews","16":"tag-main-news","17":"tag-mainnews","18":"tag-news","19":"tag-nyheter","20":"tag-organization-sveriges-damlandslag-i-fotboll","21":"tag-rubriker","22":"tag-se","23":"tag-sections-fotboll","24":"tag-sections-landslaget","25":"tag-svenska","26":"tag-sverige","27":"tag-sweden","28":"tag-swedish","29":"tag-top-stories","30":"tag-topstories"},"share_on_mastodon":{"url":"","error":""},"_links":{"self":[{"href":"https:\/\/www.europesays.com\/se\/wp-json\/wp\/v2\/posts\/61565","targetHints":{"allow":["GET"]}}],"collection":[{"href":"https:\/\/www.europesays.com\/se\/wp-json\/wp\/v2\/posts"}],"about":[{"href":"https:\/\/www.europesays.com\/se\/wp-json\/wp\/v2\/types\/post"}],"author":[{"embeddable":true,"href":"https:\/\/www.europesays.com\/se\/wp-json\/wp\/v2\/users\/2"}],"replies":[{"embeddable":true,"href":"https:\/\/www.europesays.com\/se\/wp-json\/wp\/v2\/comments?post=61565"}],"version-history":[{"count":0,"href":"https:\/\/www.europesays.com\/se\/wp-json\/wp\/v2\/posts\/61565\/revisions"}],"wp:featuredmedia":[{"embeddable":true,"href":"https:\/\/www.europesays.com\/se\/wp-json\/wp\/v2\/media\/61566"}],"wp:attachment":[{"href":"https:\/\/www.europesays.com\/se\/wp-json\/wp\/v2\/media?parent=61565"}],"wp:term":[{"taxonomy":"category","embeddable":true,"href":"https:\/\/www.europesays.com\/se\/wp-json\/wp\/v2\/categories?post=61565"},{"taxonomy":"post_tag","embeddable":true,"href":"https:\/\/www.europesays.com\/se\/wp-json\/wp\/v2\/tags?post=61565"}],"curies":[{"name":"wp","href":"https:\/\/api.w.org\/{rel}","templated":true}]}}