{"id":61712,"date":"2025-10-22T14:34:13","date_gmt":"2025-10-22T14:34:13","guid":{"rendered":"https:\/\/www.europesays.com\/se\/61712\/"},"modified":"2025-10-22T14:34:13","modified_gmt":"2025-10-22T14:34:13","slug":"lulea-talangen-om-utlaningen-besviken-pa-mig-sjalv-hockeysverige-se","status":"publish","type":"post","link":"https:\/\/www.europesays.com\/se\/61712\/","title":{"rendered":"Lule\u00e5-talangen om utl\u00e5ningen: &quot;Besviken p\u00e5 mig sj\u00e4lv&quot; &#8211; hockeysverige.se"},"content":{"rendered":"<ol>\n<li><a href=\"https:\/\/news.google.com\/rss\/articles\/CBMie0FVX3lxTFBJSF9LUnZNTFYxdm5BaTVMTWZmd2tGWFRxci1OSU96ZDNJc2lid0tmbk1ueEVWaUIwSEYzVkJpVi1yWWlLRl9rQkFrZjhFekZwZjVlUUFpRS00V2RVZzlGOHNYVGJ4TlY3NG9kZHJXUWJlVUNyeXNmdTVycw?oc=5\" target=\"_blank\" rel=\"nofollow noopener\">Lule\u00e5-talangen om utl\u00e5ningen: &#8221;Besviken p\u00e5 mig sj\u00e4lv&#8221;<\/a>&nbsp;&nbsp;hockeysverige.se<\/li>\n<li><a href=\"https:\/\/news.google.com\/rss\/articles\/CBMiuAFBVV95cUxPWDJGVHVtVVRWS3RpMXdPd3lvc1kwVTJNY19uMmJ2dG5kWDRsSkJYTEQ0aU02ZFVzUTdWcC1VbFE1QWtjTENLYmF5WWxrcS1aa19Ic1MtcnZYYU1yUHdUNHd0aHNIdHBzcUt5emlIZ3Z4UGxUd2pIU1ZsZlVvNGVZdlEyeDRFVUQyRlE1X2tQMnRfWl81cElhM19odWNkX3BrWENjM0VDcElZT0Q5SDlaeU9YeUJZZVox?oc=5\" target=\"_blank\" rel=\"nofollow noopener\">Bj\u00f6rkl\u00f6ven blir \u00e4nnu starkare: \u201dH\u00e4rlig\u201d<\/a>&nbsp;&nbsp;Aftonbladet<\/li>\n<li><a href=\"https:\/\/news.google.com\/rss\/articles\/CBMijwFBVV95cUxNYTZ6YURLeU9JSmthMXJ4a2Nqb1pfYk9lQkEwUzFucnVSdTRZU0dQRHFJSXZvVFFwaDZsNWcxX3MxYU9LUlh4Y2tfWnZFLVZNRmN3QWl5WXRmUlV0VUxLb1VKRE5aeUxjbG5KSWtjNVZnOTBqczUzVTVDOWt4VlVSZHBSV0NSLU5wSTVPWTBKbw?oc=5\" target=\"_blank\" rel=\"nofollow noopener\">Stortalang l\u00e5nas ut resten av s\u00e4songen<\/a>&nbsp;&nbsp;Expressen<\/li>\n<li><a href=\"https:\/\/news.google.com\/rss\/articles\/CBMiqAFBVV95cUxNWUw1cjdERE82NDBYTGNYRWVVMXlUcE5DOElQTFN0VEk2a0RBaVdkTXJMN1V0S2ctQVBiV050bHZGVjYwWG9tQy1FWUN4RmVpSDU5MUtkZ2Y5R0k3c3dJNUVjcENlWVlYMGhvSjJPcmZSdTFYeEVWVHR2NFBmeGZqcWVlai1MR3RiSDV1ZHlIcU1vellTX2h5OFpCRmJRR1NOMlR6UFhYMW8?oc=5\" target=\"_blank\" rel=\"nofollow noopener\">Lule\u00e5 Hockeys sportchef: &#8221;Det \u00e4r inte n\u00e5got misslyckade&#8221;<\/a>&nbsp;&nbsp;NSD<\/li>\n<li><a href=\"https:\/\/news.google.com\/rss\/articles\/CBMickFVX3lxTE1yRjhFX2NUenhNSURfZnVjV0s2TThTM2Mtd1cxYVFPaFdTOVBJd1JjaVZIdEgzemRpd0JabHVaeFIzUFlaM3k2dE5jNlZENHI4TnZ2T2RyS2NvOUw0amdnQUw4Q3lNZkRvdWZ2R0poWmsyZw?oc=5\" target=\"_blank\" rel=\"nofollow noopener\">Just nu: Bj\u00f6rkl\u00f6ven l\u00e5nar stortalangen<\/a>&nbsp;&nbsp;V\u00e4sterbottens-Kuriren<\/li>\n<\/ol>\n","protected":false},"excerpt":{"rendered":"Lule\u00e5-talangen om utl\u00e5ningen: &#8221;Besviken p\u00e5 mig sj\u00e4lv&#8221;&nbsp;&nbsp;hockeysverige.se Bj\u00f6rkl\u00f6ven blir \u00e4nnu starkare: \u201dH\u00e4rlig\u201d&nbsp;&nbsp;Aftonbladet Stortalang l\u00e5nas ut resten av s\u00e4songen&nbsp;&nbsp;Expressen&hellip;\n","protected":false},"author":2,"featured_media":61713,"comment_status":"","ping_status":"","sticky":false,"template":"","format":"standard","meta":{"footnotes":""},"categories":[68],"tags":[621,34,133,134,111,110,31,33,32,30,355],"class_list":{"0":"post-61712","1":"post","2":"type-post","3":"status-publish","4":"format-standard","5":"has-post-thumbnail","7":"category-sport","8":"tag-hockeyallsvenskan","9":"tag-se","10":"tag-second-news","11":"tag-shl","12":"tag-sport","13":"tag-sports","14":"tag-svenska","15":"tag-sverige","16":"tag-sweden","17":"tag-swedish","18":"tag-talang"},"share_on_mastodon":{"url":"","error":""},"_links":{"self":[{"href":"https:\/\/www.europesays.com\/se\/wp-json\/wp\/v2\/posts\/61712","targetHints":{"allow":["GET"]}}],"collection":[{"href":"https:\/\/www.europesays.com\/se\/wp-json\/wp\/v2\/posts"}],"about":[{"href":"https:\/\/www.europesays.com\/se\/wp-json\/wp\/v2\/types\/post"}],"author":[{"embeddable":true,"href":"https:\/\/www.europesays.com\/se\/wp-json\/wp\/v2\/users\/2"}],"replies":[{"embeddable":true,"href":"https:\/\/www.europesays.com\/se\/wp-json\/wp\/v2\/comments?post=61712"}],"version-history":[{"count":0,"href":"https:\/\/www.europesays.com\/se\/wp-json\/wp\/v2\/posts\/61712\/revisions"}],"wp:featuredmedia":[{"embeddable":true,"href":"https:\/\/www.europesays.com\/se\/wp-json\/wp\/v2\/media\/61713"}],"wp:attachment":[{"href":"https:\/\/www.europesays.com\/se\/wp-json\/wp\/v2\/media?parent=61712"}],"wp:term":[{"taxonomy":"category","embeddable":true,"href":"https:\/\/www.europesays.com\/se\/wp-json\/wp\/v2\/categories?post=61712"},{"taxonomy":"post_tag","embeddable":true,"href":"https:\/\/www.europesays.com\/se\/wp-json\/wp\/v2\/tags?post=61712"}],"curies":[{"name":"wp","href":"https:\/\/api.w.org\/{rel}","templated":true}]}}