{"id":61721,"date":"2025-10-22T14:44:17","date_gmt":"2025-10-22T14:44:17","guid":{"rendered":"https:\/\/www.europesays.com\/se\/61721\/"},"modified":"2025-10-22T14:44:17","modified_gmt":"2025-10-22T14:44:17","slug":"ai-boomen-ger-hogre-priser-pa-hemelektronik","status":"publish","type":"post","link":"https:\/\/www.europesays.com\/se\/61721\/","title":{"rendered":"AI-boomen ger h\u00f6gre priser p\u00e5 hemelektronik"},"content":{"rendered":"<p>Rusningen efter avancerade chip f\u00f6r AI har drivit upp priserna p\u00e5 standardchip som anv\u00e4nds i vanlig hemelektronik s\u00e5som telefoner. Det skriver Reuters. <\/p>\n<p>Tillverkare har tvingats allokera om produktionsresurserna f\u00f6r att m\u00f6ta efterfr\u00e5gan fr\u00e5n AI-boomen, vilket har minskat tillg\u00e5ngen p\u00e5 l\u00e5ngsammare chip. Det har f\u00e5tt priserna att stiga och m\u00e5nga elektroniktillverkare panikk\u00f6per f\u00f6r att ducka ytterligare pris\u00f6kningar och undvika att st\u00e5 utan. <\/p>\n<p>\u2013 De senaste tv\u00e5 m\u00e5naderna har det varit en enorm \u00f6kning i efterfr\u00e5gan, s\u00e4ger Tobey Gonnerman vd p\u00e5 halvledardistribut\u00f6ren Fusion World Wide till Reuters.<\/p>\n<p> L\u00e4get riskerar att s\u00e4tta press p\u00e5 elektroniktillverkarnas marginaler och vissa har redan skickat vidare pris\u00f6kningarna till konsument. <\/p>\n<p>Omni \u00e4r politiskt obundna och oberoende. Vi str\u00e4var efter att ge fler perspektiv p\u00e5 nyheterna. Har du fr\u00e5gor eller synpunkter kring v\u00e5r rapportering? <a href=\"https:\/\/omni.se\/ai-boomen-ger-hogre-priser-pa-hemelektronik\/a\/mailto:redaktion@omni.se\" class=\"ArticleActions_contactLink__W2F1M\" rel=\"nofollow noopener\" target=\"_blank\">Kontakta redaktionen<\/a><\/p>\n","protected":false},"excerpt":{"rendered":"Rusningen efter avancerade chip f\u00f6r AI har drivit upp priserna p\u00e5 standardchip som anv\u00e4nds i vanlig hemelektronik s\u00e5som&hellip;\n","protected":false},"author":2,"featured_media":61722,"comment_status":"","ping_status":"","sticky":false,"template":"","format":"standard","meta":{"footnotes":""},"categories":[66],"tags":[466,333,5741,334,80,78,79,34,31,33,32,30,81,84,83,82],"class_list":{"0":"post-61721","1":"post","2":"type-post","3":"status-publish","4":"format-standard","5":"has-post-thumbnail","7":"category-vetenskap-och-teknik","8":"tag-artificiell-intelligens","9":"tag-data","10":"tag-hemelektronik","11":"tag-it-hogteknologi","12":"tag-science","13":"tag-science-and-technology","14":"tag-scienceandtechnology","15":"tag-se","16":"tag-svenska","17":"tag-sverige","18":"tag-sweden","19":"tag-swedish","20":"tag-technology","21":"tag-teknik","22":"tag-vetenskap","23":"tag-vetenskapteknik"},"share_on_mastodon":{"url":"","error":""},"_links":{"self":[{"href":"https:\/\/www.europesays.com\/se\/wp-json\/wp\/v2\/posts\/61721","targetHints":{"allow":["GET"]}}],"collection":[{"href":"https:\/\/www.europesays.com\/se\/wp-json\/wp\/v2\/posts"}],"about":[{"href":"https:\/\/www.europesays.com\/se\/wp-json\/wp\/v2\/types\/post"}],"author":[{"embeddable":true,"href":"https:\/\/www.europesays.com\/se\/wp-json\/wp\/v2\/users\/2"}],"replies":[{"embeddable":true,"href":"https:\/\/www.europesays.com\/se\/wp-json\/wp\/v2\/comments?post=61721"}],"version-history":[{"count":0,"href":"https:\/\/www.europesays.com\/se\/wp-json\/wp\/v2\/posts\/61721\/revisions"}],"wp:featuredmedia":[{"embeddable":true,"href":"https:\/\/www.europesays.com\/se\/wp-json\/wp\/v2\/media\/61722"}],"wp:attachment":[{"href":"https:\/\/www.europesays.com\/se\/wp-json\/wp\/v2\/media?parent=61721"}],"wp:term":[{"taxonomy":"category","embeddable":true,"href":"https:\/\/www.europesays.com\/se\/wp-json\/wp\/v2\/categories?post=61721"},{"taxonomy":"post_tag","embeddable":true,"href":"https:\/\/www.europesays.com\/se\/wp-json\/wp\/v2\/tags?post=61721"}],"curies":[{"name":"wp","href":"https:\/\/api.w.org\/{rel}","templated":true}]}}