{"id":61757,"date":"2025-10-22T15:40:07","date_gmt":"2025-10-22T15:40:07","guid":{"rendered":"https:\/\/www.europesays.com\/se\/61757\/"},"modified":"2025-10-22T15:40:07","modified_gmt":"2025-10-22T15:40:07","slug":"hanna-lundkvist-om-markliga-bilderna-man-blev-lite-stalld-landslaget","status":"publish","type":"post","link":"https:\/\/www.europesays.com\/se\/61757\/","title":{"rendered":"Hanna Lundkvist om m\u00e4rkliga bilderna: \u201dMan blev lite st\u00e4lld\u201d | Landslaget"},"content":{"rendered":"<p>Publicerad 22 okt 2025 kl 16.10Uppdaterad kl 16.21<\/p>\n<p>Hanna Lundkvist \u00e4r landslagets ytterback \u2013 och spion?\u00a0<\/p>\n<p>I den amerikanska ligan fick hon n\u00e4mligen testa p\u00e5 den ovana rollen p\u00e5 inr\u00e5dan av Jonas Eidevall.<\/p>\n<p>\u2013 Man blev lite st\u00e4lld, s\u00e4ger Lundkvist.<\/p>\n<p><img loading=\"lazy\"   alt=\"\"\/><\/p>\n<p>Hanna Lundkvist.<\/p>\n<p>Foto: LUDVIG THUNMAN \/ BILDBYR\u00c5N<\/p>\n<p>\u00d6ppna bild i helsk\u00e4rm<img loading=\"lazy\"   alt=\"\"\/> <\/p>\n<p>Foto: LUDVIG THUNMAN \/ BILDBYR\u00c5N<\/p>\n<p>\u00d6ppna bild i helsk\u00e4rm<\/p>\n<p>Det \u00e5terst\u00e5r att se vad Hanna Lundkvist f\u00e5r f\u00f6r roll under den nya f\u00f6rbundskaptenen Tony Gustavsson.\u00a0<\/p>\n<p>Men kanske kan hon briljera som bl\u00e5gul spion av det spanska taktisksnacket p\u00e5 fredag?<\/p>\n<p>Den 23-\u00e5riga ytterbacken har n\u00e4mligen testat det f\u00f6r San Diego Wave.<\/p>\n<p>I den senaste ligaomg\u00e5ngen mot Chicago Red Stars i NWSL fick Lundkvist i uppgift att avlyssna motst\u00e5ndarlaget \u2013 av svenske tr\u00e4naren Jonas Eidevall.<\/p>\n<p>N\u00e4r San Diego Waves hade en stabil trem\u00e5lsledning samlades spelarna i ringar vid respektive tr\u00e4narb\u00e4nk. Eidevall bad d\u00e5 Lundkvist att smyga fram till motst\u00e5ndarringen f\u00f6r att lyssna p\u00e5 instruktionerna.<\/p>\n<p><img loading=\"lazy\"   alt=\"\"\/>\u00d6ppna bild i helsk\u00e4rm\u201dHan har lite knep f\u00f6r sig\u201d<\/p>\n<p>Tilltaget fick Chicago Red stars tr\u00e4nare Ella Masar att rasa.\u00a0<\/p>\n<p>\u201dSn\u00e4lla ber\u00e4tta f\u00f6r mig. Varf\u00f6r, i en 3\u20130-ledning, m\u00e5ste du skicka \u00f6ver en av dina spelare till v\u00e5r grupp? I vilken v\u00e4rld, i vilken v\u00e4rld som helst, \u00e4r detta rimligt?\u201d, skrev Masar p\u00e5 Instagram.\u00a0<\/p>\n<p>Hanna Lundkvist skrattar n\u00e4r tilltaget kommer p\u00e5 tal.<\/p>\n<p>\u2013 Han (Eidevall) har v\u00e4l sina knep, s\u00e4ger hon och forts\u00e4tter:<\/p>\n<p>\u2013 Det gick snabbt. Han bad mig g\u00e5 \u00f6ver och f\u00f6rs\u00f6ka lyssna p\u00e5 vad de sa. S\u00e5 jag f\u00f6rs\u00f6kte lyssna. Men jag fick ingen bra information fr\u00e5n det. S\u00e5 det gick inte s\u00e5 bra. Han har lite knep och s\u00e5 f\u00f6r sig ibland, man f\u00e5r h\u00e4nga med p\u00e5 det.\u00a0<\/p>\n<p><img loading=\"lazy\"   alt=\"\"\/><\/p>\n<p>Jonas Eidevall.<\/p>\n<p>Foto: BRADLEY COLLYER \/ STELLA PICTURES \/ PA<\/p>\n<p>\u00d6ppna bild i helsk\u00e4rm<\/p>\n<p><strong>Har du f\u00e5tt en s\u00e5n fr\u00e5ga tidigare?\u00a0<\/strong><\/p>\n<p>\u2013 Nej, det h\u00e4r var f\u00f6rsta g\u00e5ngen. S\u00e5 man blev lite st\u00e4lld.\u00a0<\/p>\n<p>Lundkvist erk\u00e4nner att det var speciellt att g\u00e5 fram och avlyssna motst\u00e5ndarnas snack. Om det var ett rimligt tilltag mot tabelljumbon?\u00a0<\/p>\n<p>\u2013 Det \u00e4r en fr\u00e5ga man kan st\u00e4lla sig. N\u00e4r det \u00e4r match \u00e4r det match f\u00f6r honom. D\u00e5 spelar det ingen roll om vi leder med 3\u20130. Han vill alltid g\u00f6ra allt f\u00f6r att vinna.\u00a0<\/p>\n<p>\u2013 Jonas \u00e4r en v\u00e4ldigt t\u00e4vlingsinriktad m\u00e4nniska. Man vet att det kan hetta till, speciellt p\u00e5 matchdag.<\/p>\n<p>San Diego Wave \u00e4r femma i den amerikanska ligan NWSL.<\/p>\n","protected":false},"excerpt":{"rendered":"Publicerad 22 okt 2025 kl 16.10Uppdaterad kl 16.21 Hanna Lundkvist \u00e4r landslagets ytterback \u2013 och spion?\u00a0 I den&hellip;\n","protected":false},"author":2,"featured_media":61758,"comment_status":"","ping_status":"","sticky":false,"template":"","format":"standard","meta":{"footnotes":""},"categories":[68],"tags":[1954,34,129,146,111,110,31,33,32,30],"class_list":{"0":"post-61757","1":"post","2":"type-post","3":"status-publish","4":"format-standard","5":"has-post-thumbnail","7":"category-sport","8":"tag-organization-sveriges-damlandslag-i-fotboll","9":"tag-se","10":"tag-sections-fotboll","11":"tag-sections-landslaget","12":"tag-sport","13":"tag-sports","14":"tag-svenska","15":"tag-sverige","16":"tag-sweden","17":"tag-swedish"},"share_on_mastodon":{"url":"","error":""},"_links":{"self":[{"href":"https:\/\/www.europesays.com\/se\/wp-json\/wp\/v2\/posts\/61757","targetHints":{"allow":["GET"]}}],"collection":[{"href":"https:\/\/www.europesays.com\/se\/wp-json\/wp\/v2\/posts"}],"about":[{"href":"https:\/\/www.europesays.com\/se\/wp-json\/wp\/v2\/types\/post"}],"author":[{"embeddable":true,"href":"https:\/\/www.europesays.com\/se\/wp-json\/wp\/v2\/users\/2"}],"replies":[{"embeddable":true,"href":"https:\/\/www.europesays.com\/se\/wp-json\/wp\/v2\/comments?post=61757"}],"version-history":[{"count":0,"href":"https:\/\/www.europesays.com\/se\/wp-json\/wp\/v2\/posts\/61757\/revisions"}],"wp:featuredmedia":[{"embeddable":true,"href":"https:\/\/www.europesays.com\/se\/wp-json\/wp\/v2\/media\/61758"}],"wp:attachment":[{"href":"https:\/\/www.europesays.com\/se\/wp-json\/wp\/v2\/media?parent=61757"}],"wp:term":[{"taxonomy":"category","embeddable":true,"href":"https:\/\/www.europesays.com\/se\/wp-json\/wp\/v2\/categories?post=61757"},{"taxonomy":"post_tag","embeddable":true,"href":"https:\/\/www.europesays.com\/se\/wp-json\/wp\/v2\/tags?post=61757"}],"curies":[{"name":"wp","href":"https:\/\/api.w.org\/{rel}","templated":true}]}}