{"id":61857,"date":"2025-10-22T17:44:09","date_gmt":"2025-10-22T17:44:09","guid":{"rendered":"https:\/\/www.europesays.com\/se\/61857\/"},"modified":"2025-10-22T17:44:09","modified_gmt":"2025-10-22T17:44:09","slug":"louvren-chefen-grillas-i-senaten-efter-ranet","status":"publish","type":"post","link":"https:\/\/www.europesays.com\/se\/61857\/","title":{"rendered":"Louvren-chefen grillas i senaten efter r\u00e5net"},"content":{"rendered":"<p>P\u00e5 onsdagen \u00f6ppnades \u00e5ter museet Louvren i Paris efter s\u00f6ndagens konstkupp. Nu fr\u00e5gas museichefen Laurence des Cars ut i senaten, rapporterar internationella medier.<\/p>\n<p>Jakten p\u00e5 juveltjuvarna har beskrivits som den st\u00f6rsta i Frankrikes historia. Hur r\u00e5net kunde ske har varit en del av den svidande kritik som museets s\u00e4kerhetsansvariga nu kr\u00e4vs p\u00e5 svar om.<\/p>\n<p>President Emmanuel Macron har under onsdagen uppmanat ministrar att se till att museets s\u00e4kerhet sk\u00e4rps. <\/p>\n<p>Omni \u00e4r politiskt obundna och oberoende. Vi str\u00e4var efter att ge fler perspektiv p\u00e5 nyheterna. Har du fr\u00e5gor eller synpunkter kring v\u00e5r rapportering? <a href=\"https:\/\/omni.se\/louvren-chefen-grillas-i-senaten-efter-ranet\/a\/mailto:redaktion@omni.se\" class=\"ArticleActions_contactLink__W2F1M\" rel=\"nofollow noopener\" target=\"_blank\">Kontakta redaktionen<\/a><\/p>\n","protected":false},"excerpt":{"rendered":"P\u00e5 onsdagen \u00f6ppnades \u00e5ter museet Louvren i Paris efter s\u00f6ndagens konstkupp. Nu fr\u00e5gas museichefen Laurence des Cars ut&hellip;\n","protected":false},"author":2,"featured_media":61858,"comment_status":"","ping_status":"","sticky":false,"template":"","format":"standard","meta":{"footnotes":""},"categories":[67],"tags":[265,104,267,266,34,31,33,32,30,105],"class_list":{"0":"post-61857","1":"post","2":"type-post","3":"status-publish","4":"format-standard","5":"has-post-thumbnail","7":"category-underhallning","8":"tag-emmanuel-macron","9":"tag-entertainment","10":"tag-europa","11":"tag-frankrike","12":"tag-se","13":"tag-svenska","14":"tag-sverige","15":"tag-sweden","16":"tag-swedish","17":"tag-underhallning"},"share_on_mastodon":{"url":"","error":""},"_links":{"self":[{"href":"https:\/\/www.europesays.com\/se\/wp-json\/wp\/v2\/posts\/61857","targetHints":{"allow":["GET"]}}],"collection":[{"href":"https:\/\/www.europesays.com\/se\/wp-json\/wp\/v2\/posts"}],"about":[{"href":"https:\/\/www.europesays.com\/se\/wp-json\/wp\/v2\/types\/post"}],"author":[{"embeddable":true,"href":"https:\/\/www.europesays.com\/se\/wp-json\/wp\/v2\/users\/2"}],"replies":[{"embeddable":true,"href":"https:\/\/www.europesays.com\/se\/wp-json\/wp\/v2\/comments?post=61857"}],"version-history":[{"count":0,"href":"https:\/\/www.europesays.com\/se\/wp-json\/wp\/v2\/posts\/61857\/revisions"}],"wp:featuredmedia":[{"embeddable":true,"href":"https:\/\/www.europesays.com\/se\/wp-json\/wp\/v2\/media\/61858"}],"wp:attachment":[{"href":"https:\/\/www.europesays.com\/se\/wp-json\/wp\/v2\/media?parent=61857"}],"wp:term":[{"taxonomy":"category","embeddable":true,"href":"https:\/\/www.europesays.com\/se\/wp-json\/wp\/v2\/categories?post=61857"},{"taxonomy":"post_tag","embeddable":true,"href":"https:\/\/www.europesays.com\/se\/wp-json\/wp\/v2\/tags?post=61857"}],"curies":[{"name":"wp","href":"https:\/\/api.w.org\/{rel}","templated":true}]}}