{"id":61881,"date":"2025-10-22T18:32:09","date_gmt":"2025-10-22T18:32:09","guid":{"rendered":"https:\/\/www.europesays.com\/se\/61881\/"},"modified":"2025-10-22T18:32:09","modified_gmt":"2025-10-22T18:32:09","slug":"lakarens-upptackt-efter-molly-nutleys-svara-smartor","status":"publish","type":"post","link":"https:\/\/www.europesays.com\/se\/61881\/","title":{"rendered":"L\u00e4karens uppt\u00e4ckt efter Molly Nutleys sv\u00e5ra sm\u00e4rtor"},"content":{"rendered":"<p>Publicerad 22 okt 2025 kl 18.57<\/p>\n<p>Molly Nutley fick beskedet att hon hade en \u00e5tta centimeter stor cysta p\u00e5 sin \u00e4ggstock.\u00a0<\/p>\n<p>Strax efter sattes hon i konstgjort klimakterium.\u00a0<\/p>\n<p>\u2013 Det var fruktansv\u00e4rt. Jag har nog aldrig k\u00e4nt mig s\u00e5 vilsen n\u00e5gonsin, s\u00e4ger sk\u00e5despelaren i <a href=\"https:\/\/www.sverigesradio.se\/avsnitt\/molly-nutley-fick-dubbla-diagnoser-du-maste-skaffa-barn-nu-sa-de\" rel=\"nofollow noopener\" target=\"_blank\">\u201dP4 Extra\u201d. <\/a>\u00a0<\/p>\n<p><img   alt=\"\"\/> <\/p>\n<p>Foto: PELLE T NILSSON \/ SPA SPA | SWEDISH PRESS AGENCY<\/p>\n<p>\u00d6ppna bild i helsk\u00e4rm<img loading=\"lazy\"   alt=\"\"\/><\/p>\n<p>Molly Nutley med sina f\u00f6r\u00e4ldrar Helena Bergstr\u00f6m och Colin Nutley.<\/p>\n<p>Foto: KARIN T\u00d6RNBLOM \/ IBL<\/p>\n<p>\u00d6ppna bild i helsk\u00e4rm<\/p>\n<p>N\u00e4r <a href=\"https:\/\/www.expressen.se\/tagg\/person\/molly-nutley\/\" class=\"\" rel=\"nofollow noopener\" target=\"_blank\">Molly Nutley<\/a>, 30, aktuell med SVT-serien \u201dTystnaden\u201d, g\u00e4star P4 Extra ber\u00e4ttar sk\u00e5despelaren att hon fick tv\u00e5 diagnoser f\u00f6r tv\u00e5 \u00e5r sen \u2013\u00a0och det var en sv\u00e5r tid.\u00a0<\/p>\n<p>\u2013 Allts\u00e5 jag hade en toppenvecka, jag fick en adhd-diagnos och en endometriosdiagnos samtidigt, s\u00e4ger Nutley ironiskt.\u00a0<\/p>\n<p>\u2013 Det \u00e4r bland det tuffaste jag g\u00e5tt igenom samtidigt som det i dag har varit en av de viktigare grejer som har h\u00e4nt mig ocks\u00e5.\u00a0<\/p>\n<p>Nutley ber\u00e4ttar att hon har haft problem med \u00e5ngest och m\u00e5ende i hela sitt liv och att hon nu f\u00f6rst\u00e5tt att det har berott p\u00e5 den tidigare odiagnostiserade adhd:n.\u00a0<\/p>\n<p>\u2013 F\u00f6rst var jag otroligt l\u00e4ttad och sen kom allt annat, sorgen \u00f6ver att det har missats, hur hade det varit om jag hade f\u00e5tt den h\u00e4r diagnosen mycket, mycket tidigare?\u00a0<\/p>\n<p>N\u00e4r de uppt\u00e4ckte Nutleys endometrios hade hon haft sv\u00e5ra sm\u00e4rtor under ett \u00e5r.\u00a0<\/p>\n<p>\u2013\u00a0Jag trodde att det var n\u00e5gon cancer i magen s\u00e5 jag gjorde alla unders\u00f6kningar man kunde g\u00f6ra och det s\u00e5g bra ut.\u00a0<\/p>\n<p>D\u00e5 s\u00f6kte hon hj\u00e4lp hos gynekologen.<\/p>\n<p>\u2013\u00a0P\u00e5 en minut hittade hon en \u00e5tta centimeter stor cysta p\u00e5 min \u00e4ggstock som hade slukat min \u00e4ggstock och d\u00e5 drog allt i g\u00e5ng och det var fullt fart. In p\u00e5 ultragyn och du m\u00e5ste skaffa barn nu!\u00a0<\/p>\n<p>Uppt\u00e4ckten: \u201dTv\u00e5 krisveckor\u201d<\/p>\n<p>Nutley, som ser en framtid med sin f\u00e4stman Andr\u00e9 Sund visste inte vad hon skulle g\u00f6ra. Hon ville inte ha barn just d\u00e5.\u00a0<\/p>\n<p>\u2013 D\u00e4r hade jag tv\u00e5 krisveckor och t\u00e4nkte vad ska jag g\u00f6ra?, s\u00e4ger hon i radion.\u00a0<\/p>\n<p>DET H\u00c4R \u00c4R ENDOMETRIOS<\/p>\n<p>Endometrios inneb\u00e4r att det finns livmoderslemhinna eller celler som liknar livmoderslemhinna p\u00e5 andra st\u00e4llen \u00e4n inuti livmodern.\u00a0<\/p>\n<p>Ett vanligt symtom \u00e4r att ha mycket ont i samband med mens. De flesta beh\u00f6ver behandling f\u00f6r att slippa att ha ont, och andra besv\u00e4r.<\/p>\n<p>D\u00e5 ska du s\u00f6ka hj\u00e4lp:\u00a0<\/p>\n<p>Du har s\u00e5 ont n\u00e4r du har mens s\u00e5 att det begr\u00e4nsar ditt liv\u00a0<\/p>\n<p>Du har andra symptom som skulle kunna bero p\u00e5 endometrios.<\/p>\n<p>Visa mer\u201dTill en b\u00f6rjan k\u00e4nde jag mig ledsen\u201d<\/p>\n<p>Oavsett beh\u00f6vde cystan f\u00f6rst behandlas.\u00a0<\/p>\n<p>\u2013 D\u00e5 rekommenderade hon en behandling d\u00e4r man s\u00e4tts i konstgjort klimakterium. Jag har varit i klimakteriet i \u00f6ver tv\u00e5 \u00e5r nu, ber\u00e4ttar Nutley.\u00a0<\/p>\n<p>Behandlingen har fungerat bra vilket hon \u00e4r tacksam f\u00f6r, men tiden efter efter var sv\u00e5r.\u00a0<\/p>\n<p>\u2013 Det var fruktansv\u00e4rt. Jag har nog aldrig k\u00e4nt mig s\u00e5 vilsen n\u00e5gonsin, s\u00e4ger hon i interjvun.\u00a0<\/p>\n<p>N\u00e4r hon slutar med behandlingen finns det en period som hon och partnern kan f\u00f6rs\u00f6ka f\u00e5 barn \u2013\u00a0h\u00e4nder inte det blir det IVF direkt, ber\u00e4ttar Molly.\u00a0<\/p>\n<p>\u2013\u00a0Till en b\u00f6rjan k\u00e4nde jag mig ledsen men nu n\u00e4r man har bearbetat det s\u00e5 inser jag hur otroligt lyxigt det \u00e4r att man har den h\u00e4r m\u00f6jligheten h\u00e4r i Sverige, s\u00e4ger Nutley i \u201dP4 Extra\u201d.\u00a0<\/p>\n","protected":false},"excerpt":{"rendered":"Publicerad 22 okt 2025 kl 18.57 Molly Nutley fick beskedet att hon hade en \u00e5tta centimeter stor cysta&hellip;\n","protected":false},"author":2,"featured_media":61882,"comment_status":"","ping_status":"","sticky":false,"template":"","format":"standard","meta":{"footnotes":""},"categories":[67],"tags":[104,361,5747,34,31,33,32,30,310,105],"class_list":{"0":"post-61881","1":"post","2":"type-post","3":"status-publish","4":"format-standard","5":"has-post-thumbnail","7":"category-underhallning","8":"tag-entertainment","9":"tag-organization-svt","10":"tag-person-molly-nutley","11":"tag-se","12":"tag-svenska","13":"tag-sverige","14":"tag-sweden","15":"tag-swedish","16":"tag-topic-kandisar","17":"tag-underhallning"},"share_on_mastodon":{"url":"","error":""},"_links":{"self":[{"href":"https:\/\/www.europesays.com\/se\/wp-json\/wp\/v2\/posts\/61881","targetHints":{"allow":["GET"]}}],"collection":[{"href":"https:\/\/www.europesays.com\/se\/wp-json\/wp\/v2\/posts"}],"about":[{"href":"https:\/\/www.europesays.com\/se\/wp-json\/wp\/v2\/types\/post"}],"author":[{"embeddable":true,"href":"https:\/\/www.europesays.com\/se\/wp-json\/wp\/v2\/users\/2"}],"replies":[{"embeddable":true,"href":"https:\/\/www.europesays.com\/se\/wp-json\/wp\/v2\/comments?post=61881"}],"version-history":[{"count":0,"href":"https:\/\/www.europesays.com\/se\/wp-json\/wp\/v2\/posts\/61881\/revisions"}],"wp:featuredmedia":[{"embeddable":true,"href":"https:\/\/www.europesays.com\/se\/wp-json\/wp\/v2\/media\/61882"}],"wp:attachment":[{"href":"https:\/\/www.europesays.com\/se\/wp-json\/wp\/v2\/media?parent=61881"}],"wp:term":[{"taxonomy":"category","embeddable":true,"href":"https:\/\/www.europesays.com\/se\/wp-json\/wp\/v2\/categories?post=61881"},{"taxonomy":"post_tag","embeddable":true,"href":"https:\/\/www.europesays.com\/se\/wp-json\/wp\/v2\/tags?post=61881"}],"curies":[{"name":"wp","href":"https:\/\/api.w.org\/{rel}","templated":true}]}}