{"id":61956,"date":"2025-10-22T20:23:35","date_gmt":"2025-10-22T20:23:35","guid":{"rendered":"https:\/\/www.europesays.com\/se\/61956\/"},"modified":"2025-10-22T20:23:35","modified_gmt":"2025-10-22T20:23:35","slug":"stjarnans-besked-efter-orovackande-bilderna-jag-ar-redo-nsd","status":"publish","type":"post","link":"https:\/\/www.europesays.com\/se\/61956\/","title":{"rendered":"Stj\u00e4rnans besked \u2013 efter orov\u00e4ckande bilderna: &quot;Jag \u00e4r redo&quot; &#8211; NSD"},"content":{"rendered":"<ol>\n<li><a href=\"https:\/\/news.google.com\/rss\/articles\/CBMiqgFBVV95cUxPODdVODJFRzMydXY5QWFNakJMYlB2eFBrY2kyM2x6MlJZaGV1SmRYWk1EdjNtc2JFNWc0Y0diT2RXYkg2Rm41dTViSWttaHVOMWhtSzZIeEcyaGRJUktlN0tianJwWmlvbVNyVFpRWFlqaEZjUVVpSG5wdWV5bXpMb05tQUNmQURuWlQ0bFlGazZIRzVVbVhMdjRqbWdDXzI4RGVGc0pjM3FzQQ?oc=5\" target=\"_blank\" rel=\"nofollow noopener\">Stj\u00e4rnans besked \u2013 efter orov\u00e4ckande bilderna: &#8221;Jag \u00e4r redo&#8221;<\/a>&nbsp;&nbsp;NSD<\/li>\n<li><a href=\"https:\/\/news.google.com\/rss\/articles\/CBMiZ0FVX3lxTE1xUWhfZko5RkdWMHMzOWMtLXFYRFZFdVZvdkxzZUhIbXV1NTZ3MEpLUndvRzFiMVhwU2x3SldkNlU2VjhVaHpJTVB3ZldfTVRrZi1hQ2dCQ1hPRjBUa1c0QzgwRm9TOVU?oc=5\" target=\"_blank\" rel=\"nofollow noopener\">O&#8217;Neill har l\u00e4karunders\u00f6kts: &#8221;Avvakta&#8221;<\/a>&nbsp;&nbsp;HockeyNews<\/li>\n<li><a href=\"https:\/\/news.google.com\/rss\/articles\/CBMipwFBVV95cUxOWnVPal9DT3pQeTFoWm1oTGdMNjNkOHdYUy1VYWVwN3BkUnJuVjVfNnJuaUdYWDNaeHF0LVdnSUVXSWlTeExKdVllaE1KVmxzemh4WW1WRnlBLVpTMVhIS3JpaENJR2RMUllvc2VVRWZxaEtsYXdXS0hSdEtFaHU0NDhLS3dOeHNiWFFCT0MwTWhVS2Job3JGTWZLYzFia2pvZzA0c2s2aw?oc=5\" target=\"_blank\" rel=\"nofollow noopener\">S\u00e4nkte egna stj\u00e4rnan \u2013 fick hj\u00e4lpas av<\/a>&nbsp;&nbsp;Aftonbladet<\/li>\n<li><a href=\"https:\/\/news.google.com\/rss\/articles\/CBMibEFVX3lxTE1WRGx6R05tbW03aVRRTkNRUk5zbk9nUzZIWEFZUENnYTk3dkdCRTNUMHdHNmowcm9CYnJzQUhFT3pCaDdGMnpMNkVFbzZGb1VRVG5wamtHNmJ5ZUwwSzZHYjRNMDJWLTVjeFRDTg?oc=5\" target=\"_blank\" rel=\"nofollow noopener\">Stj\u00e4rnan ska unders\u00f6kas: &#8221;Borde h\u00f6rt n\u00e5got&#8221;<\/a>&nbsp;&nbsp;hockeysverige.se<\/li>\n<li><a href=\"https:\/\/news.google.com\/rss\/articles\/CBMioAFBVV95cUxOemNRM1JpUzk5NFRtZFh3aGNVSU1Ibl9zNWRrV2h6UEsxLWxhaXZjNC1vSkhjbWlTTmRhN08wMS12UEtvR29yQUkxSGkxalV1cWJfVFRMekxVUlQ4TWJuNmk5NGF3V1RGNGh0dWt0WVVxYjFTei1Ga3ZMdzJlYjZMU0RDaFBwaC1BSmpZSmRsbEFNNkM5YVNOSXMzNUE3YkdZ?oc=5\" target=\"_blank\" rel=\"nofollow noopener\">O\u00b4Neill avbr\u00f6t tr\u00e4ning \u2022 \u00d6ppnar f\u00f6r spel p\u00e5 torsdag<\/a>&nbsp;&nbsp;NSD<\/li>\n<\/ol>\n","protected":false},"excerpt":{"rendered":"Stj\u00e4rnans besked \u2013 efter orov\u00e4ckande bilderna: &#8221;Jag \u00e4r redo&#8221;&nbsp;&nbsp;NSD O&#8217;Neill har l\u00e4karunders\u00f6kts: &#8221;Avvakta&#8221;&nbsp;&nbsp;HockeyNews S\u00e4nkte egna stj\u00e4rnan \u2013 fick&hellip;\n","protected":false},"author":2,"featured_media":61957,"comment_status":"","ping_status":"","sticky":false,"template":"","format":"standard","meta":{"footnotes":""},"categories":[68],"tags":[34,111,110,31,33,32,30],"class_list":{"0":"post-61956","1":"post","2":"type-post","3":"status-publish","4":"format-standard","5":"has-post-thumbnail","7":"category-sport","8":"tag-se","9":"tag-sport","10":"tag-sports","11":"tag-svenska","12":"tag-sverige","13":"tag-sweden","14":"tag-swedish"},"share_on_mastodon":{"url":"","error":""},"_links":{"self":[{"href":"https:\/\/www.europesays.com\/se\/wp-json\/wp\/v2\/posts\/61956","targetHints":{"allow":["GET"]}}],"collection":[{"href":"https:\/\/www.europesays.com\/se\/wp-json\/wp\/v2\/posts"}],"about":[{"href":"https:\/\/www.europesays.com\/se\/wp-json\/wp\/v2\/types\/post"}],"author":[{"embeddable":true,"href":"https:\/\/www.europesays.com\/se\/wp-json\/wp\/v2\/users\/2"}],"replies":[{"embeddable":true,"href":"https:\/\/www.europesays.com\/se\/wp-json\/wp\/v2\/comments?post=61956"}],"version-history":[{"count":0,"href":"https:\/\/www.europesays.com\/se\/wp-json\/wp\/v2\/posts\/61956\/revisions"}],"wp:featuredmedia":[{"embeddable":true,"href":"https:\/\/www.europesays.com\/se\/wp-json\/wp\/v2\/media\/61957"}],"wp:attachment":[{"href":"https:\/\/www.europesays.com\/se\/wp-json\/wp\/v2\/media?parent=61956"}],"wp:term":[{"taxonomy":"category","embeddable":true,"href":"https:\/\/www.europesays.com\/se\/wp-json\/wp\/v2\/categories?post=61956"},{"taxonomy":"post_tag","embeddable":true,"href":"https:\/\/www.europesays.com\/se\/wp-json\/wp\/v2\/tags?post=61956"}],"curies":[{"name":"wp","href":"https:\/\/api.w.org\/{rel}","templated":true}]}}