{"id":61976,"date":"2025-10-22T20:57:40","date_gmt":"2025-10-22T20:57:40","guid":{"rendered":"https:\/\/www.europesays.com\/se\/61976\/"},"modified":"2025-10-22T20:57:40","modified_gmt":"2025-10-22T20:57:40","slug":"vi-far-skammas-over-att-johan-eliasch-ar-svensk","status":"publish","type":"post","link":"https:\/\/www.europesays.com\/se\/61976\/","title":{"rendered":"Vi f\u00e5r sk\u00e4mmas \u00f6ver att Johan Eliasch \u00e4r svensk"},"content":{"rendered":"<p>Tomas Pettersson<\/p>\n<p>Publicerad 22 okt 2025 kl 14.00Uppdaterad kl 19.03<\/p>\n<p>Ryssland \u00e4r fortsatt portat. Linn Svahn och resten av de svenska skidstj\u00e4rnorna kan andas ut.<\/p>\n<p>Men en sak \u00e5terst\u00e5r att sk\u00e4mmas \u00f6ver.<\/p>\n<p>Det var allts\u00e5 en svensk som gjorde allt han kunde f\u00f6r att \u00f6ppna d\u00f6rren f\u00f6r Vladimir Putin.<\/p>\n<p>Detta \u00e4r en kr\u00f6nika. Analys och st\u00e4llningstaganden \u00e4r skribentens.<\/p>\n<p><img   alt=\"\"\/><\/p>\n<p>Fis h\u00f6gsta man, svenska Johan Eliasch.<\/p>\n<p>Foto: MATIC KLANSEK \/ GEPA PICTURES \/ BILDBYR\u00c5N<\/p>\n<p>\u00d6ppna bild i helsk\u00e4rm<img   alt=\"\"\/>Tomas Pettersson<\/p>\n<p>Beslutet kom p\u00e5 tisdagskv\u00e4llen: Internationella skidf\u00f6rbundets styrelse r\u00f6stade efter l\u00e5nga diskussioner igenom en fortsatt avst\u00e4ngning av Ryssland och Belarus.<\/p>\n<p>\u2013 Jag \u00e4r l\u00e4ttad, kommenterade Karin Mattsson, svensk representant i det som g\u00e5r under namnet Fis Council.<\/p>\n<p>Jo, jag ocks\u00e5.<\/p>\n<p>Vi ska samtidigt vara \u00f6dmjuka f\u00f6r att \u00e4mnet \u00e4r komplicerat. Att det utan tvekan finns tv\u00e5 sidor att se p\u00e5 beslutet.<\/p>\n<p>Dels att det rent sportsligt hade varit ett extremt lyft att f\u00e5 tillbaka de ryska \u00e5karna i v\u00e4rldscup och m\u00e4sterskap.<\/p>\n<blockquote><p>Det hade skurit som en rostig kniv<\/p><\/blockquote>\n<p>De tillf\u00f6r klass. De tillf\u00f6r en nerv. De g\u00f6r alla t\u00e4vlingar mer intressanta. De \u00f6kar intresset f\u00f6r denna pyttesport. De \u00f6kar tv-tittandet dramatiskt \u2013 och tillf\u00f6r d\u00e4rmed v\u00e4lkommet kapital till en r\u00e4tt fattig del av idrottsv\u00e4rlden.\u00a0<\/p>\n<p>Men det finns ocks\u00e5 en annan sida.<\/p>\n<p>Ett beslut om att \u00f6ppna skidv\u00e4rlden hade skurit som en rostig, d\u00e5ligt slipad kniv genom det hj\u00e4rta av medm\u00e4nsklighet som under senaste \u00e5ren genomsyrat den h\u00e4r sporten. \u00a0<\/p>\n<p>Nyhetsbilderna fr\u00e5n Ukraina \u00e4r ju precis lika fruktansv\u00e4rda \u2013 eller snarare v\u00e4rre \u2013 i dag som vid tidpunkten f\u00f6r invasionen f\u00f6r 3,5 \u00e5r sedan.\u00a0<\/p>\n<p><img loading=\"lazy\"   alt=\"\"\/><\/p>\n<p>Linn Svahn.<\/p>\n<p>Foto: SIMON HASTEG\u00c5RD \/ BILDBYR\u00c5N<\/p>\n<p>\u00d6ppna bild i helsk\u00e4rm<\/p>\n<p>De g\u00e5r inte att blunda f\u00f6r.<\/p>\n<p>Eller&#8230;jo, tydligen. I alla fall f\u00f6r en lika synsvag som exklusiv del av Fis.\u00a0<\/p>\n<p><strong>Kungen i blindbockarnas eget rike? En Johan fr\u00e5n Djursholm.<\/strong><\/p>\n<blockquote><p>Det hade sett finfint ut i Johan Eliasch<\/p><\/blockquote>\n<p>Det \u00e4r kanske inte direkt \u00f6verraskande att aff\u00e4rsmannen, miljard\u00e4ren och jetset-tjommen Johan Eliasch hellre vill vara polare med Vladimir Putin \u00e4n&#8230; tja, Linn Svahn.<\/p>\n<p>Under hela sin tid som h\u00f6gste bas i Fis har Eliasch varit ifr\u00e5gasatt, anklagats f\u00f6r sin kompromissl\u00f6shet och emellan\u00e5t <a href=\"https:\/\/www.expressen.se\/sport\/langdskidor\/jamfors-med-trump-valet-kallas-for-skamt\/\" rel=\"nofollow noopener\" target=\"_blank\">liknats vid en diktator<\/a>.<\/p>\n<p>Lika barn leka b\u00e4st, liksom.<\/p>\n<p>Det \u00e4r mycket m\u00f6jligt, till och med troligt, att Johan Eliasch \u00e4r en utm\u00e4rkt ordf\u00f6rande f\u00f6r att utveckla Fis ur ett strikt ekonomiskt och mediem\u00e4ssigt perspektiv.<\/p>\n<p>Men det finns mjukare v\u00e4rden att ta h\u00e4nsyn till ocks\u00e5. Som empati f\u00f6r ett land som slagits i ruiner.<\/p>\n<p>Och nej, d\u00e4r imponerar inte hardcore-Eliasch.<\/p>\n<p>I st\u00e4llet tycks de egna karri\u00e4rm\u00f6jligheterna \u00f6verskugga allt annat f\u00f6r Djursholm-Johan. Och ett \u00f6ppnande f\u00f6r Ryssland \u00e1 la Internationella olympiska kommitt\u00e9ns modell hade f\u00f6rst\u00e5s sett finfint ut i Johan Eliasch cv f\u00f6r hans fortsatta jakt p\u00e5 ordf\u00f6randeposten i IOK.<\/p>\n<p><img loading=\"lazy\"   alt=\"\"\/><\/p>\n<p>Eliasch (l\u00e4ngst till v\u00e4nster i bild) tillsammans med Norges kronprins och kronprinsessa.<\/p>\n<p>Foto: GEPA PICTURES\/ THOMAS BACHUN \/ GEPA PICTURES BILDBYR\u00c5N<\/p>\n<p>\u00d6ppna bild i helsk\u00e4rm<\/p>\n<blockquote><p>Det skulle bara vara n\u00e5got att sk\u00e4mmas \u00f6ver<\/p><\/blockquote>\n<p>Det var d\u00e4rf\u00f6r Eliasch pl\u00f6tsligt flyttade fram tidpunkten f\u00f6r beslutet, f\u00f6r att ge sig sj\u00e4lv tid att bearbeta beslutsprocessen.<\/p>\n<p>Det var d\u00e4rf\u00f6r Eliasch veckan f\u00f6re omr\u00f6stningen skickade ut ett m\u00e4rkligt brev till alla nationer d\u00e4r han f\u00f6rs\u00f6kte skapa st\u00f6d f\u00f6r id\u00e9n att sl\u00e4ppa in Belarus och Ryssland.<\/p>\n<p>Det kunde ha r\u00e4ckt.<\/p>\n<p>Men i st\u00e4llet slutade allt med en rej\u00e4l k\u00e4ftsm\u00e4ll f\u00f6r Johan Eliasch efter den slutna omr\u00f6stningen p\u00e5 tisdagseftermiddagen.<\/p>\n<p>Och det ska vi i Sverige vara extra tacksamma f\u00f6r.\u00a0<\/p>\n<p>Det kan ju l\u00e5ta fint att vi har en svensk p\u00e5 en av idrottsv\u00e4rldens tyngsta positioner. Det kan till och med l\u00e5ta som en milstolpe f\u00f6r svensk idrott om han dessutom en dag n\u00e5r \u00e4nda upp till toppen av IOK.<\/p>\n<p>Men nej, inte s\u00e5 l\u00e4nge det handlar om Johan Eliasch.\u00a0<\/p>\n<p><strong>Det skulle faktiskt bara vara n\u00e5got att sk\u00e4mmas \u00f6ver.<\/strong><\/p>\n","protected":false},"excerpt":{"rendered":"Tomas Pettersson Publicerad 22 okt 2025 kl 14.00Uppdaterad kl 19.03 Ryssland \u00e4r fortsatt portat. Linn Svahn och resten&hellip;\n","protected":false},"author":2,"featured_media":61977,"comment_status":"","ping_status":"","sticky":false,"template":"","format":"standard","meta":{"footnotes":""},"categories":[5],"tags":[22,23,26,27,17,21,24,25,28,29,15,16,5752,18,34,305,5751,31,33,32,30,19,20],"class_list":{"0":"post-61976","1":"post","2":"type-post","3":"status-publish","4":"format-standard","5":"has-post-thumbnail","7":"category-rubriker","8":"tag-breaking-news","9":"tag-breakingnews","10":"tag-featured-news","11":"tag-featurednews","12":"tag-headlines","13":"tag-huvudnyheter","14":"tag-latest-news","15":"tag-latestnews","16":"tag-main-news","17":"tag-mainnews","18":"tag-news","19":"tag-nyheter","20":"tag-organization-internationella-skidforbundet-fis","21":"tag-rubriker","22":"tag-se","23":"tag-sections-kronikorer","24":"tag-sections-tomaspettersson","25":"tag-svenska","26":"tag-sverige","27":"tag-sweden","28":"tag-swedish","29":"tag-top-stories","30":"tag-topstories"},"share_on_mastodon":{"url":"","error":""},"_links":{"self":[{"href":"https:\/\/www.europesays.com\/se\/wp-json\/wp\/v2\/posts\/61976","targetHints":{"allow":["GET"]}}],"collection":[{"href":"https:\/\/www.europesays.com\/se\/wp-json\/wp\/v2\/posts"}],"about":[{"href":"https:\/\/www.europesays.com\/se\/wp-json\/wp\/v2\/types\/post"}],"author":[{"embeddable":true,"href":"https:\/\/www.europesays.com\/se\/wp-json\/wp\/v2\/users\/2"}],"replies":[{"embeddable":true,"href":"https:\/\/www.europesays.com\/se\/wp-json\/wp\/v2\/comments?post=61976"}],"version-history":[{"count":0,"href":"https:\/\/www.europesays.com\/se\/wp-json\/wp\/v2\/posts\/61976\/revisions"}],"wp:featuredmedia":[{"embeddable":true,"href":"https:\/\/www.europesays.com\/se\/wp-json\/wp\/v2\/media\/61977"}],"wp:attachment":[{"href":"https:\/\/www.europesays.com\/se\/wp-json\/wp\/v2\/media?parent=61976"}],"wp:term":[{"taxonomy":"category","embeddable":true,"href":"https:\/\/www.europesays.com\/se\/wp-json\/wp\/v2\/categories?post=61976"},{"taxonomy":"post_tag","embeddable":true,"href":"https:\/\/www.europesays.com\/se\/wp-json\/wp\/v2\/tags?post=61976"}],"curies":[{"name":"wp","href":"https:\/\/api.w.org\/{rel}","templated":true}]}}