{"id":62118,"date":"2025-10-23T04:25:28","date_gmt":"2025-10-23T04:25:28","guid":{"rendered":"https:\/\/www.europesays.com\/se\/62118\/"},"modified":"2025-10-23T04:25:28","modified_gmt":"2025-10-23T04:25:28","slug":"kroatiska-drycken-pipi-stams-av-astrid-lindgren-ab-2","status":"publish","type":"post","link":"https:\/\/www.europesays.com\/se\/62118\/","title":{"rendered":"Kroatiska drycken Pipi st\u00e4ms av Astrid Lindgren AB"},"content":{"rendered":"<p>Publicerad 21 okt 2025 kl 08.05Uppdaterad kl 10.30<\/p>\n<p>Sedan 70-talet har man kunnat dricka \u201dPipi\u201d i Kroatien.<\/p>\n<p>Nu \u00e4r l\u00e4sken hotad efter att Astrid Lindgren AB st\u00e4mt f\u00f6retaget bakom drycken f\u00f6r varum\u00e4rkesintr\u00e5ng.<\/p>\n<p>\u2013 F\u00f6rv\u00e4xlingsrisken \u00e4r ju omedelbar med tanke p\u00e5 hur n\u00e4rliggande orden \u00e4r, s\u00e4ger chefsjuristen Olle Nyman till <a href=\"https:\/\/www.vimmerbytidning.se\/nyheter\/vimmerby\/artikel\/astrid-lindgren-ab-om-fracka-namnstolden-skyldiga-att-agera\/r51okmqj\" rel=\"nofollow noopener\" target=\"_blank\">Vimmerby Tidning<\/a>.<\/p>\n<p><img loading=\"lazy\"   alt=\"\"\/><\/p>\n<p>Astrid Lindgren AB har st\u00e4mt ett kroatiskt f\u00f6retag.<\/p>\n<p>Foto: Bertil Ericson \/ TT \/ \/ TT NYHETSBYR\u00c5N<\/p>\n<p>\u00d6ppna bild i helsk\u00e4rm<img loading=\"lazy\"   alt=\"\"\/><\/p>\n<p>Orsaken \u00e4r drycken \u201dPipi\u201d.<\/p>\n<p>Foto: skyline_studio \/ Shutterstock<\/p>\n<p>\u00d6ppna bild i helsk\u00e4rm<\/p>\n<p>En blond flicka med pippilotter i h\u00e5ret pryder den kroatiska l\u00e4sken som lanserades p\u00e5 1970-talet. Produkten har under l\u00e5ng tid g\u00e5tt under radarn f\u00f6r <a href=\"https:\/\/www.expressen.se\/tagg\/person\/astrid-lindgren\/\" class=\"\" rel=\"nofollow noopener\" target=\"_blank\">Astrid Lindgren<\/a> AB.<\/p>\n<p>Det var f\u00f6rst n\u00e4r bolaget OSTRC ans\u00f6kte om varum\u00e4rkesregistrering f\u00f6r namnet \u201dPipi\u201d f\u00f6r n\u00e5gra \u00e5r sedan som det svenska bolaget fick k\u00e4nnedom om drycken. Nu har de l\u00e4mnat in en st\u00e4mningsans\u00f6kan f\u00f6r varum\u00e4rkesintr\u00e5ng.<\/p>\n<p>\u2013 \u00c4ven om flickan i deras logotyp inte \u00e4r en kopia av Pippi L\u00e5ngstrump \u00e4r hon uppenbart inspirerad av Pippi, s\u00e4ger Olle Nyman, chefsjurist p\u00e5 Astrid Lindgren AB, till Vimmerby Tidning.<\/p>\n<p>\u201dSkyldiga att agera\u201d<\/p>\n<p>Bolaget menar att l\u00e4sk \u00e4r starkt f\u00f6rknippad med Pippis sockerdrickstr\u00e4d. \u00c4ven stavningen \u201dPipi\u201d har anv\u00e4nts n\u00e4r b\u00f6ckerna \u00f6versatts till kroatiska.<\/p>\n<p>\u2013 N\u00e4r n\u00e5gon anv\u00e4nder namnet Pippi i kommersiella sammanhang utan v\u00e5r till\u00e5telse, och dessutom kopplar det till Astrid Lindgrens Pippi L\u00e5ngstrump, \u00e4r vi skyldiga att agera, s\u00e4ger Olle Nyman till tidningen.<\/p>\n<p>Anspelar p\u00e5 \u201dsexighet\u201d<\/p>\n<p>I st\u00e4mningsans\u00f6kan p\u00e5pekas ocks\u00e5 att flickan p\u00e5 flaskans etikett anspelar p\u00e5 \u201dsexighet\u201d. N\u00e5got som \u00e4r fr\u00e4mmande f\u00f6r Pippi L\u00e5ngstrump och kan v\u00e4cka negativa associationer, enligt Astrid Lindgren AB.<\/p>\n<p>De menar att originalet har \u201dhelt andra undertoner\u201d och vill s\u00e4kerst\u00e4lla att ingen vilseleds att det finns ett samband mellan Astrid Lindgrens Pippi och l\u00e4sken.<\/p>\n","protected":false},"excerpt":{"rendered":"Publicerad 21 okt 2025 kl 08.05Uppdaterad kl 10.30 Sedan 70-talet har man kunnat dricka \u201dPipi\u201d i Kroatien. Nu&hellip;\n","protected":false},"author":2,"featured_media":60552,"comment_status":"","ping_status":"","sticky":false,"template":"","format":"standard","meta":{"footnotes":""},"categories":[67],"tags":[104,5670,34,31,33,32,30,205,105],"class_list":{"0":"post-62118","1":"post","2":"type-post","3":"status-publish","4":"format-standard","5":"has-post-thumbnail","7":"category-underhallning","8":"tag-entertainment","9":"tag-person-astrid-lindgren","10":"tag-se","11":"tag-svenska","12":"tag-sverige","13":"tag-sweden","14":"tag-swedish","15":"tag-topic-journalistik-medier","16":"tag-underhallning"},"share_on_mastodon":{"url":"https:\/\/pubeurope.com\/@se\/115421585308339570","error":""},"_links":{"self":[{"href":"https:\/\/www.europesays.com\/se\/wp-json\/wp\/v2\/posts\/62118","targetHints":{"allow":["GET"]}}],"collection":[{"href":"https:\/\/www.europesays.com\/se\/wp-json\/wp\/v2\/posts"}],"about":[{"href":"https:\/\/www.europesays.com\/se\/wp-json\/wp\/v2\/types\/post"}],"author":[{"embeddable":true,"href":"https:\/\/www.europesays.com\/se\/wp-json\/wp\/v2\/users\/2"}],"replies":[{"embeddable":true,"href":"https:\/\/www.europesays.com\/se\/wp-json\/wp\/v2\/comments?post=62118"}],"version-history":[{"count":0,"href":"https:\/\/www.europesays.com\/se\/wp-json\/wp\/v2\/posts\/62118\/revisions"}],"wp:featuredmedia":[{"embeddable":true,"href":"https:\/\/www.europesays.com\/se\/wp-json\/wp\/v2\/media\/60552"}],"wp:attachment":[{"href":"https:\/\/www.europesays.com\/se\/wp-json\/wp\/v2\/media?parent=62118"}],"wp:term":[{"taxonomy":"category","embeddable":true,"href":"https:\/\/www.europesays.com\/se\/wp-json\/wp\/v2\/categories?post=62118"},{"taxonomy":"post_tag","embeddable":true,"href":"https:\/\/www.europesays.com\/se\/wp-json\/wp\/v2\/tags?post=62118"}],"curies":[{"name":"wp","href":"https:\/\/api.w.org\/{rel}","templated":true}]}}