{"id":62125,"date":"2025-10-23T04:38:31","date_gmt":"2025-10-23T04:38:31","guid":{"rendered":"https:\/\/www.europesays.com\/se\/62125\/"},"modified":"2025-10-23T04:38:31","modified_gmt":"2025-10-23T04:38:31","slug":"lola-daviet-12-mordades-pappan-dog-av-sorg","status":"publish","type":"post","link":"https:\/\/www.europesays.com\/se\/62125\/","title":{"rendered":"Lola Daviet, 12, m\u00f6rdades \u2013 pappan dog av sorg"},"content":{"rendered":"<p>Publicerad 23 okt 2025 kl 03.34Uppdaterad kl 06.03<\/p>\n<p>Lola Daviet, 12, m\u00f6rdades brutalt i en grannes l\u00e4genhet i Paris.<\/p>\n<p>Ett och ett halvt \u00e5r senare dog hennes sv\u00e5rt pl\u00e5gade pappa.<\/p>\n<p>\u2013 Han dog av sorg, s\u00e4ger mamman Delphine Daviet under r\u00e4tteg\u00e5ngen mot den misst\u00e4nkta m\u00f6rdaren Dahbia Benkired.<\/p>\n<p><img   alt=\"\"\/><\/p>\n<p>Lola Daviet m\u00f6rdades brutalt f\u00f6r tre \u00e5r sedan.<\/p>\n<p>Foto: Facebook<\/p>\n<p>\u00d6ppna bild i helsk\u00e4rm<img loading=\"lazy\"   alt=\"\"\/><\/p>\n<p>Mamman Delphine Daviet vittnade under r\u00e4tteg\u00e5ngen p\u00e5 onsdagen.<\/p>\n<p>Foto: LAFARGUE RAPHAEL \/ STELLA PICTURES\/ ABACA PRESS<\/p>\n<p>\u00d6ppna bild i helsk\u00e4rm<\/p>\n<p>Det brutala mordet p\u00e5 Lola Daviet, 12, chockade Frankrike f\u00f6r tre \u00e5r sedan. Flickans sv\u00e5rt sargade kropp, med sv\u00e5ra sk\u00e4rskador och kv\u00e4vd av tejp, hittades i en v\u00e4ska av en heml\u00f6s man.\u00a0<\/p>\n<p>Nu st\u00e4lls Dahbia Benkired, 27, inf\u00f6r r\u00e4tta f\u00f6r det tortyrliknande mordet, d\u00e4r hon \u00e4ven v\u00e5ldtog flickan.<\/p>\n<p>P\u00e5 onsdagen vittnade Lola Daviets mamma Delphine Daviet i r\u00e4tten om hur flickans pappa Johan d\u00f6tt av sorg efter mordet. Efter tre \u00e5rs nykterhet b\u00f6rjade han dricka alkohol igen, samma dag som dotterns kropp hittades.<\/p>\n<p>\u2013 Han dog av sorg, krossad av sina demoner, s\u00e4ger Delphine Daviet enligt <a href=\"https:\/\/www.lefigaro.fr\/faits-divers\/en-direct-proces-du-meurtre-de-lola-le-profil-psychologique-de-dahbia-benkired-au-coeur-de-cette-4e-journee-de-debats-20251022\" rel=\"nofollow noopener\" target=\"_blank\">Le Figaro<\/a>.\u00a0<\/p>\n<p>Pappan dog i februari f\u00f6rra \u00e5ret efter en hj\u00e4rtinfarkt, 49 \u00e5r gammal.\u00a0<\/p>\n<p>\u2013 Jag vill p\u00e5minna er om att jag har f\u00f6rlorat min Lola, min man, mitt arbete, mitt hem. Hela mitt liv har rasat samman. Ibland undrar jag hur jag fortfarande st\u00e5r upp, s\u00e4ger hon.<\/p>\n<p>Ville skada<\/p>\n<p>Dahbia Benkired levde utan fast adress i <a href=\"https:\/\/www.expressen.se\/tagg\/location\/paris\/\" class=\"\" rel=\"nofollow noopener\" target=\"_blank\">Paris<\/a> vid tiden f\u00f6r mordet. \u00c4ven hon vittnade p\u00e5 onsdagen och ber\u00e4ttade om att ilska mot en expojkv\u00e4n gjorde att hon ville skada n\u00e5gon.\u00a0<\/p>\n<p>Utanf\u00f6r sin systers bostadshus i Paris 19:e arrondissement, d\u00e4r \u00e4ven familjen Daviet bodde, tr\u00e4ffade hon Lola. Hon lurade med sig flickan upp till l\u00e4genheten under f\u00f6rev\u00e4ndningen att hon beh\u00f6vde hj\u00e4lp att b\u00e4ra n\u00e5gra resev\u00e4skor.<\/p>\n<p>\u2013 Var inte orolig. Jag kommer inte att g\u00f6ra dig illa, ska hon ha sagt.<\/p>\n<p>V\u00e4l i l\u00e4genheten ska hon ha beordrat den vid det laget skr\u00e4ckslagna 12-\u00e5ringen att kl\u00e4 av sig och duscha. D\u00e4r begick hon sexuella \u00f6vergrepp mot flickan innan hon dunkade in hennes huvud i duschv\u00e4ggen.<\/p>\n<p>\u2013 Jag b\u00f6rjade sl\u00e5 henne eftersom jag var r\u00e4dd att hon skulle ber\u00e4tta f\u00f6r sin familj. Allt hat jag hade inom mig tog jag ut p\u00e5 henne, s\u00e4ger Benkired.<\/p>\n<p>\u2013 Jag visste att hon skulle d\u00f6. Det \u00e4r inte s\u00e5 att jag ville d\u00f6da henne, jag ville bara skada n\u00e5gon. Och eftersom jag redan hade v\u00e5ldtagit henne kunde jag lika g\u00e4rna d\u00f6da henne.<\/p>\n<p>Benkired kom till Frankrike fr\u00e5n Algeriet p\u00e5 ett studentvisum som 18-\u00e5ring 2016. Bara ett par m\u00e5nader innan mordet fattades ett beslut om utvisning efter att ha brutit mot visumreglerna.\u00a0<\/p>\n","protected":false},"excerpt":{"rendered":"Publicerad 23 okt 2025 kl 03.34Uppdaterad kl 06.03 Lola Daviet, 12, m\u00f6rdades brutalt i en grannes l\u00e4genhet i&hellip;\n","protected":false},"author":2,"featured_media":62126,"comment_status":"","ping_status":"","sticky":false,"template":"","format":"standard","meta":{"footnotes":""},"categories":[5],"tags":[22,23,26,27,17,21,24,25,3738,4570,28,29,15,16,18,34,55,31,33,32,30,19,436,20],"class_list":{"0":"post-62125","1":"post","2":"type-post","3":"status-publish","4":"format-standard","5":"has-post-thumbnail","7":"category-rubriker","8":"tag-breaking-news","9":"tag-breakingnews","10":"tag-featured-news","11":"tag-featurednews","12":"tag-headlines","13":"tag-huvudnyheter","14":"tag-latest-news","15":"tag-latestnews","16":"tag-location-frankrike","17":"tag-location-paris","18":"tag-main-news","19":"tag-mainnews","20":"tag-news","21":"tag-nyheter","22":"tag-rubriker","23":"tag-se","24":"tag-sections-varlden","25":"tag-svenska","26":"tag-sverige","27":"tag-sweden","28":"tag-swedish","29":"tag-top-stories","30":"tag-topic-valdsbrott-mord","31":"tag-topstories"},"share_on_mastodon":{"url":"https:\/\/pubeurope.com\/@se\/115421636419482934","error":""},"_links":{"self":[{"href":"https:\/\/www.europesays.com\/se\/wp-json\/wp\/v2\/posts\/62125","targetHints":{"allow":["GET"]}}],"collection":[{"href":"https:\/\/www.europesays.com\/se\/wp-json\/wp\/v2\/posts"}],"about":[{"href":"https:\/\/www.europesays.com\/se\/wp-json\/wp\/v2\/types\/post"}],"author":[{"embeddable":true,"href":"https:\/\/www.europesays.com\/se\/wp-json\/wp\/v2\/users\/2"}],"replies":[{"embeddable":true,"href":"https:\/\/www.europesays.com\/se\/wp-json\/wp\/v2\/comments?post=62125"}],"version-history":[{"count":0,"href":"https:\/\/www.europesays.com\/se\/wp-json\/wp\/v2\/posts\/62125\/revisions"}],"wp:featuredmedia":[{"embeddable":true,"href":"https:\/\/www.europesays.com\/se\/wp-json\/wp\/v2\/media\/62126"}],"wp:attachment":[{"href":"https:\/\/www.europesays.com\/se\/wp-json\/wp\/v2\/media?parent=62125"}],"wp:term":[{"taxonomy":"category","embeddable":true,"href":"https:\/\/www.europesays.com\/se\/wp-json\/wp\/v2\/categories?post=62125"},{"taxonomy":"post_tag","embeddable":true,"href":"https:\/\/www.europesays.com\/se\/wp-json\/wp\/v2\/tags?post=62125"}],"curies":[{"name":"wp","href":"https:\/\/api.w.org\/{rel}","templated":true}]}}