{"id":62127,"date":"2025-10-23T04:40:10","date_gmt":"2025-10-23T04:40:10","guid":{"rendered":"https:\/\/www.europesays.com\/se\/62127\/"},"modified":"2025-10-23T04:40:10","modified_gmt":"2025-10-23T04:40:10","slug":"motstandarkollen-spanien-infor-nations-league-semifinalerna-2025","status":"publish","type":"post","link":"https:\/\/www.europesays.com\/se\/62127\/","title":{"rendered":"Motst\u00e5ndarkollen: Spanien \u2013 Inf\u00f6r Nations League-semifinalerna 2025"},"content":{"rendered":"<p>Spanien st\u00e5r f\u00f6r motst\u00e5ndet tv\u00e5 g\u00e5nger om i Nations League-semifinalerna \u2013 s\u00e5 l\u00e5t oss djupdyka i v\u00e5ra motst\u00e5ndare.<\/p>\n<p><strong>Spaniens formkurva efter VM-guldet 2023<\/strong><\/p>\n<p class=\"p3\">Efter triumfen i VM 2023 har Spanien fortsatt leverera h\u00f6gklassig fotboll. <br \/>I EM 2025 i Schweiz tog sig laget hela v\u00e4gen till final, d\u00e4r de m\u00f6tte England. Matchen slutade 1\u20131 efter ordinarie tid och f\u00f6rl\u00e4ngning, men England vann sedan straffl\u00e4ggningen med 3\u20131 och f\u00f6rsvarade sitt EM-guld fr\u00e5n 2022. <\/p>\n<p class=\"p3\">I UEFA Women&#8217;s Nations League 2025 har Spanien visat stabil form och vann Grupp 3 i ligafasen, bland annat genom en viktig seger mot England. Nu v\u00e4ntar semifinal mot Sverige \u2013 ett dubbelm\u00f6te som inleds den 24 oktober p\u00e5 La Rosaleda i M\u00e1laga och med retur fyra dagar senare p\u00e5 Gamla Ullevi i G\u00f6teborg. <\/p>\n<p><strong>Mittf\u00e4ltets gyllene diamant<\/strong><\/p>\n<p class=\"p3\">Spaniens spel bygger mycket p\u00e5 mittf\u00e4ltets \u201cgyllene diamant\u201d: Patri Guijarro \u2013 Bonmat\u00ed \u2013 Putellas. <br \/>Denna trio \u00e4r central f\u00f6r Spaniens kontroll \u00f6ver matcherna och kreativitet \u00f6ver hela planen. Jag vill p\u00e5st\u00e5 att de tre tillsammans \u00e4r v\u00e4rldens b\u00e4sta mittf\u00e4lt. <\/p>\n<p class=\"p3\">Men den gyllene diamanten skiner inte just nu. En viktig del saknas n\u00e4mligen. <br \/>Patricia \u201cPatri\u201d Guijarro skadade sig i senaste UWCL-matchen mot Roma och blir borta i cirka 12 veckor med en stressfraktur i foten. Det \u00e4r ett tungt avbr\u00e4ck, eftersom Patri ofta varit den mest avg\u00f6rande mittf\u00e4ltaren, \u00e4ven om hon ofta hamnar i skuggan av Bonmat\u00ed och Putellas. <\/p>\n<p class=\"p3\">F\u00f6rbundskapten Sonia Berm\u00fadez har kallat upp den unga mittf\u00e4ltaren Clara Serrajordi som ers\u00e4ttare. <br \/>21-\u00e5ringen fr\u00e5n Barcelona B har visat stor energi och kreativitet, och tillsammans med etablerade spelare som Bonmat\u00ed, Putellas, Maite Oroz och unga talangen Vicky L\u00f3pez finns m\u00f6jligheten att fortfarande forma en slagkraftig diamant. <\/p>\n<p class=\"p3\">Vill de spela offensivt \u2013 Patri eller ej \u2013 och det tror jag att de kommer vilja (Spanien \u00e4r inte k\u00e4nda f\u00f6r att backa hem). Vicky L\u00f3pez fick hoppa in f\u00f6r Bonmat\u00ed i EM och visade direkt varf\u00f6r hon \u00e4r ett namn att r\u00e4kna med. S\u00e5 h\u00e4r kan Spanien st\u00e4lla upp utan Patri: <\/p>\n<p class=\"p3\">M\u00f6jligt \u00e4r att de st\u00e4ller upp med Putellas p\u00e5 Patris plats, och upp\u00e5t bildar L\u00f3pez och Bonmat\u00ed diamanten. Ingen tr\u00e5kig diamant det heller. <\/p>\n<p class=\"p4\">Putellas har dock inte tr\u00e4nat med laget \u00e4n, s\u00e5 i skrivande stund \u00e4r det oklart hur spelklar hon \u00e4r. <\/p>\n<p><strong>\u00c5terv\u00e4ndare och lagets styrkor<\/strong><\/p>\n<p class=\"p3\">Spaniens lag f\u00e5r ytterligare f\u00f6rst\u00e4rkning: <\/p>\n<ul class=\"ul1\">\n<li>Jennifer Hermoso, Spaniens genom tiderna b\u00e4sta m\u00e5lskytt med 57 m\u00e5l, \u00e5terv\u00e4nder efter ett \u00e5rs fr\u00e5nvaro. <\/li>\n<li>Map\u00ed Le\u00f3n, f\u00f6rsvararen som inte spelat sedan EM 2022, \u00e4r ocks\u00e5 tillbaka. <\/li>\n<\/ul>\n<p class=\"p3\">Till Sveriges nackdel \u2013 vilken bra f\u00f6rsvarsspelare hon \u00e4r. <br \/>Visst, Patri spelar inte, men Le\u00f3n l\u00e4r g\u00f6ra det. Det \u00e4r inte till f\u00f6rdel f\u00f6r svenskorna. Tro mig, det kommer sm\u00e4lla. <\/p>\n<p class=\"p3\">Hermoso hade tidigare l\u00e4mnats utanf\u00f6r av Montse Tom\u00e9, medan Le\u00f3n stod utanf\u00f6r landslaget av eget beslut \u2013 som en del av spelarnas protest mot f\u00f6rbundet. <\/p>\n<p>Berm\u00fadez, tidigare ansvarig f\u00f6r U23-laget, f\u00e5r nu uppgiften att leda seniortruppen i semifinalerna. <\/p>\n<p class=\"p3\">Hermosos \u00e5terkomst markerar ett betydelsefullt \u00f6gonblick f\u00f6r anfallaren, som var central f\u00f6r Spaniens VM-triumf 2023 och \u00e4ven i centrum f\u00f6r kontroversen kring den tidigare spanska fotbollsf\u00f6rbundets president Luis Rubiales. <\/p>\n<p>Rubiales d\u00f6mdes f\u00f6r sexuella \u00f6vergrepp f\u00f6r att ha kysst Hermoso utan hennes samtycke under VM-firandet i Sydney. <\/p>\n<p class=\"p3\">Men skit i den idioten nu och fokus p\u00e5 laget. <\/p>\n<p class=\"p3\">Rent formm\u00e4ssigt \u00e4r nog Hermoso p\u00e5 gr\u00e4nsen om hon b\u00f6r vara med \u2013 hade Athenea del Castillo inte varit skadad, hade hon nog f\u00e5tt platsen ist\u00e4llet. <\/p>\n<p><strong>Sveriges tuffa utmaning<\/strong><\/p>\n<p class=\"p3\">Sverige inleder borta mot Spanien, men platsen \u00e4r mindre avg\u00f6rande \u2013 motst\u00e5ndet blir tufft i b\u00e5da matcherna. <br \/>Jag vill se att erfarna spelare som Bj\u00f6rn, JRK, Stina och Asllani kliver fram, tar ansvar och leder laget. <\/p>\n<p class=\"p3\">Spanien kommer dessutom troligen revanschsugna efter EM-finalf\u00f6rlusten mot England, vilket g\u00f6r utmaningen \u00e4nnu st\u00f6rre. <\/p>\n<p><strong>Tidigare m\u00f6ten<\/strong><\/p>\n<p class=\"p3\">Senaste m\u00f6tet mellan Sverige och Spanien var den 15 augusti 2023 i VM-semifinalen p\u00e5 Nya Zeeland, d\u00e4r Spanien vann 2\u20131 efter m\u00e5l av Salma Paralluelo och Olga Carmona, medan Rebecka Blomqvist gjorde Sveriges m\u00e5l. Carmonas m\u00e5l i 89:e minuten blev matchavg\u00f6rande och skickade Spanien till sin f\u00f6rsta VM-final. <\/p>\n<p class=\"p1\">De fyra senaste matcherna har Sverige spelat en oavgjord och f\u00f6rlorat tre mot Spanien. Det senaste m\u00f6tet och v\u00e4rldsrankingen (Spanien toppar) visar att La Rojas har \u00f6vertaget, men Sverige har erfarenhet och talang nog att skapa problem \u00e4ven f\u00f6r ett starkt lag. <\/p>\n<p><strong>Slutsats<\/strong><\/p>\n<p class=\"p1\">Spanien \u00e4r ett starkt, rutinerat och taktiskt skickligt lag \u2013 tiki-taka personifierat \u2013 men Patri Guijarros fr\u00e5nvaro kan ge Sverige en liten \u00f6ppning. <br \/>\u00c4nd\u00e5 sjukt: under hela den h\u00e4r texten har jag inte n\u00e4mnt hon som borde ha vunnit Ballon d\u2019Or \u2013 Mariona Caldentey, en riktigt intelligent spelare. <\/p>\n<p class=\"p1\">F\u00f6r svensk del g\u00e4ller det att leverera maximalt i b\u00e5da matcherna, utnyttja alla chanser och h\u00e5lla disciplinen. <br \/>Det kommer bli tufft. Mycket tufft. Men inte om\u00f6jligt. <\/p>\n<p><strong>Spaniens trupp<\/strong><\/p>\n<p class=\"p3\"><strong>M\u00e5lvakter <\/strong><\/p>\n<ul class=\"ul1\">\n<li>Cata Coll <\/li>\n<li>Adriana Nanclares <\/li>\n<li>Elene Astralaga <\/li>\n<\/ul>\n<p class=\"p3\"><strong>F\u00f6rsvarare <\/strong><\/p>\n<ul class=\"ul1\">\n<li>Ona Batlle <\/li>\n<li>Olga Carmona <\/li>\n<li>Irene Paredes <\/li>\n<li>Map\u00ed Le\u00f3n <\/li>\n<li>Jana Fern\u00e1ndez <\/li>\n<li>Mar\u00eda M\u00e9ndez <\/li>\n<li>Luc\u00eda Corrales <\/li>\n<\/ul>\n<p class=\"p3\"><strong>Mittf\u00e4ltare <\/strong><\/p>\n<ul class=\"ul1\">\n<li>Alexia Putellas <\/li>\n<li>Laia Aleixandri <\/li>\n<li>Fiamma Ben\u00edtez <\/li>\n<li>Aitana Bonmat\u00ed <\/li>\n<li>Vicky L\u00f3pez <\/li>\n<li>Clara Serrano Jordi <\/li>\n<\/ul>\n<p class=\"p3\"><strong>Anfallare <\/strong><\/p>\n<ul class=\"ul1\">\n<li>Jenni Hermoso <\/li>\n<li>Mariona Caldentey <\/li>\n<li>Esther Gonz\u00e1lez <\/li>\n<li>Claudia Pina <\/li>\n<li>Salma Paralluelo <\/li>\n<li>Eva Navarro <\/li>\n<li>Cristina Mart\u00edn-Prieto <\/li>\n<\/ul>\n","protected":false},"excerpt":{"rendered":"Spanien st\u00e5r f\u00f6r motst\u00e5ndet tv\u00e5 g\u00e5nger om i Nations League-semifinalerna \u2013 s\u00e5 l\u00e5t oss djupdyka i v\u00e5ra motst\u00e5ndare.&hellip;\n","protected":false},"author":2,"featured_media":62128,"comment_status":"","ping_status":"","sticky":false,"template":"","format":"standard","meta":{"footnotes":""},"categories":[68],"tags":[5761,5767,5765,5766,5763,5759,5760,5762,34,5768,691,5758,111,110,31,33,32,30,5769,5764],"class_list":{"0":"post-62127","1":"post","2":"type-post","3":"status-publish","4":"format-standard","5":"has-post-thumbnail","7":"category-sport","8":"tag-bonmati","9":"tag-damfotboll","10":"tag-jennifer-hermoso","11":"tag-mapi-leon","12":"tag-mariona-caldentey","13":"tag-nations-league-2025","14":"tag-patri-guijarro","15":"tag-putellas","16":"tag-se","17":"tag-semifinal","18":"tag-spanien","19":"tag-spanska-damlandslaget","20":"tag-sport","21":"tag-sports","22":"tag-svenska","23":"tag-sverige","24":"tag-sweden","25":"tag-swedish","26":"tag-taktisk-analys","27":"tag-vicky-lopez"},"share_on_mastodon":{"url":"https:\/\/pubeurope.com\/@se\/115421644289133630","error":""},"_links":{"self":[{"href":"https:\/\/www.europesays.com\/se\/wp-json\/wp\/v2\/posts\/62127","targetHints":{"allow":["GET"]}}],"collection":[{"href":"https:\/\/www.europesays.com\/se\/wp-json\/wp\/v2\/posts"}],"about":[{"href":"https:\/\/www.europesays.com\/se\/wp-json\/wp\/v2\/types\/post"}],"author":[{"embeddable":true,"href":"https:\/\/www.europesays.com\/se\/wp-json\/wp\/v2\/users\/2"}],"replies":[{"embeddable":true,"href":"https:\/\/www.europesays.com\/se\/wp-json\/wp\/v2\/comments?post=62127"}],"version-history":[{"count":0,"href":"https:\/\/www.europesays.com\/se\/wp-json\/wp\/v2\/posts\/62127\/revisions"}],"wp:featuredmedia":[{"embeddable":true,"href":"https:\/\/www.europesays.com\/se\/wp-json\/wp\/v2\/media\/62128"}],"wp:attachment":[{"href":"https:\/\/www.europesays.com\/se\/wp-json\/wp\/v2\/media?parent=62127"}],"wp:term":[{"taxonomy":"category","embeddable":true,"href":"https:\/\/www.europesays.com\/se\/wp-json\/wp\/v2\/categories?post=62127"},{"taxonomy":"post_tag","embeddable":true,"href":"https:\/\/www.europesays.com\/se\/wp-json\/wp\/v2\/tags?post=62127"}],"curies":[{"name":"wp","href":"https:\/\/api.w.org\/{rel}","templated":true}]}}