{"id":62143,"date":"2025-10-23T05:01:13","date_gmt":"2025-10-23T05:01:13","guid":{"rendered":"https:\/\/www.europesays.com\/se\/62143\/"},"modified":"2025-10-23T05:01:13","modified_gmt":"2025-10-23T05:01:13","slug":"lennart-karl-17-historisk-for-bayern-munchen-champions-league","status":"publish","type":"post","link":"https:\/\/www.europesays.com\/se\/62143\/","title":{"rendered":"Lennart Karl, 17, historisk f\u00f6r Bayern M\u00fcnchen | Champions League"},"content":{"rendered":"<p>Publicerad 22 okt 2025 kl 22.53Uppdaterad kl 23.49<\/p>\n<p>Lennart Karl \u00e4r 17 \u00e5r.\u00a0<\/p>\n<p>Och Bayern M\u00fcnchens yngste m\u00e5lskytt i Champions League n\u00e5gonsin.<\/p>\n<p><img   alt=\"\"\/> <\/p>\n<p>Foto: IMAGO\/MLADEN LACKOVIC \/ IMAGO\/LACKOVIC WWW.IMAGO-IMAGES.DE<\/p>\n<p>\u00d6ppna bild i helsk\u00e4rm<\/p>\n<p>Lennart Karl gjorde sin f\u00f6rsta Champions League-start f\u00f6r Bayern M\u00fcnchen i m\u00f6tet mot Club Br\u00fcgge.\u00a0<\/p>\n<p>Den 17-\u00e5rige mittf\u00e4ltaren tackade f\u00f6r f\u00f6rtroendet med att g\u00f6ra m\u00e5l efter bara fem minuter.<\/p>\n<p>Och det var inte vilket m\u00e5l som helst. Lennart Karl fintade sig f\u00f6rbi ett par f\u00f6rsvarare innan han st\u00e4nkte in bollen bakom m\u00e5lvakten Nordin Jackers.<\/p>\n<p>Karls fulltr\u00e4ff f\u00f6rkunnar att han \u00e4r Bayern M\u00fcnchens yngste Champions League-m\u00e5lskytt n\u00e5gonsin.<\/p>\n<p>Bayern M\u00fcnchen vann med 4\u20130. Harry Kane, Luis Diaz och Nicholas Jackson gjorde \u00f6vriga m\u00e5l. Tyskarna st\u00e5r nu p\u00e5 maximala nio po\u00e4ng efter tre omg\u00e5ngar av ligaspelet.<\/p>\n<p>Samtliga resultat i Champions League<\/p>\n<p>Athletic Bilbao \u2013 Qarabag 3\u20131<\/p>\n<p>Galatasaray \u2013 Bod\u00f8\/Glimt 3\u20131<\/p>\n<p>Atalanta \u2013 Slavia Prag 0\u20130<\/p>\n<p>Bayern M\u00fcnchen \u2013 Club Br\u00fcgge 4\u20130<\/p>\n<p>Chelsea \u2013 Ajax 5\u20131<\/p>\n<p>Eintracht Frankfurt \u2013 Liverpool 1\u20135<\/p>\n<p>Monaco \u2013 Tottenham 0\u20130<\/p>\n<p>Real Madrid \u2013 Juventus 1\u20130<\/p>\n<p>Visa mer<\/p>\n","protected":false},"excerpt":{"rendered":"Publicerad 22 okt 2025 kl 22.53Uppdaterad kl 23.49 Lennart Karl \u00e4r 17 \u00e5r.\u00a0 Och Bayern M\u00fcnchens yngste m\u00e5lskytt&hellip;\n","protected":false},"author":2,"featured_media":62144,"comment_status":"","ping_status":"","sticky":false,"template":"","format":"standard","meta":{"footnotes":""},"categories":[68],"tags":[34,2110,129,111,110,31,33,32,30],"class_list":{"0":"post-62143","1":"post","2":"type-post","3":"status-publish","4":"format-standard","5":"has-post-thumbnail","7":"category-sport","8":"tag-se","9":"tag-sections-championsleague","10":"tag-sections-fotboll","11":"tag-sport","12":"tag-sports","13":"tag-svenska","14":"tag-sverige","15":"tag-sweden","16":"tag-swedish"},"share_on_mastodon":{"url":"https:\/\/pubeurope.com\/@se\/115421726813987273","error":""},"_links":{"self":[{"href":"https:\/\/www.europesays.com\/se\/wp-json\/wp\/v2\/posts\/62143","targetHints":{"allow":["GET"]}}],"collection":[{"href":"https:\/\/www.europesays.com\/se\/wp-json\/wp\/v2\/posts"}],"about":[{"href":"https:\/\/www.europesays.com\/se\/wp-json\/wp\/v2\/types\/post"}],"author":[{"embeddable":true,"href":"https:\/\/www.europesays.com\/se\/wp-json\/wp\/v2\/users\/2"}],"replies":[{"embeddable":true,"href":"https:\/\/www.europesays.com\/se\/wp-json\/wp\/v2\/comments?post=62143"}],"version-history":[{"count":0,"href":"https:\/\/www.europesays.com\/se\/wp-json\/wp\/v2\/posts\/62143\/revisions"}],"wp:featuredmedia":[{"embeddable":true,"href":"https:\/\/www.europesays.com\/se\/wp-json\/wp\/v2\/media\/62144"}],"wp:attachment":[{"href":"https:\/\/www.europesays.com\/se\/wp-json\/wp\/v2\/media?parent=62143"}],"wp:term":[{"taxonomy":"category","embeddable":true,"href":"https:\/\/www.europesays.com\/se\/wp-json\/wp\/v2\/categories?post=62143"},{"taxonomy":"post_tag","embeddable":true,"href":"https:\/\/www.europesays.com\/se\/wp-json\/wp\/v2\/tags?post=62143"}],"curies":[{"name":"wp","href":"https:\/\/api.w.org\/{rel}","templated":true}]}}