{"id":62203,"date":"2025-10-23T06:20:10","date_gmt":"2025-10-23T06:20:10","guid":{"rendered":"https:\/\/www.europesays.com\/se\/62203\/"},"modified":"2025-10-23T06:20:10","modified_gmt":"2025-10-23T06:20:10","slug":"hjartlakare-ljog-om-misstag-fick-jobba-kvar","status":"publish","type":"post","link":"https:\/\/www.europesays.com\/se\/62203\/","title":{"rendered":"Hj\u00e4rtl\u00e4kare lj\u00f6g om misstag \u2013 fick jobba kvar"},"content":{"rendered":"<p>share-arrowDela<\/p>\n<p>unsaveSpara<\/p>\n<p>expand-left<\/p>\n<p>helsk\u00e4rm<img decoding=\"async\" class=\"image-asset hyperion-css-u06ts1\" data-test-tag=\"image-asset\" src=\"https:\/\/www.europesays.com\/se\/wp-content\/uploads\/2025\/10\/9d622760-b640-4cdd-895c-6dd8ad8d9267\"  alt=\"Nytt avsl\u00f6jande fr\u00e5n P4 J\u00f6nk\u00f6ping om den Ivo-anm\u00e4lda hj\u00e4rtl\u00e4karen som felaktigt friskf\u00f6rklarat 78 barn. Arkivbild.\"  loading=\"eager\" fetchpriority=\"high\" style=\"aspect-ratio:1900 \/ 1246\"\/>Nytt avsl\u00f6jande fr\u00e5n P4 J\u00f6nk\u00f6ping om den Ivo-anm\u00e4lda hj\u00e4rtl\u00e4karen som felaktigt friskf\u00f6rklarat 78 barn. Arkivbild. Foto: Erik Svensson\/Scanpix\/TT<\/p>\n<p class=\"hyperion-css-1shl3oz\" data-test-tag=\"lead-text\">Den Ivo-anm\u00e4lda hj\u00e4rtl\u00e4kare som felaktigt friskf\u00f6rklarat 78 barn skrev i b\u00f6rjan av sin anst\u00e4llning ut tio g\u00e5nger f\u00f6r h\u00f6g dos medicin till ett sp\u00e4dbarn, rapporterar P4 J\u00f6nk\u00f6ping.<\/p>\n<p class=\"hyperion-css-1shl3oz\" data-test-tag=\"lead-text\">N\u00e4r barnet blev allvarligt sjukt sade l\u00e4karen att det berodde p\u00e5 allergi.<\/p>\n<p class=\"hyperion-css-1v9qo5x\">\u00c5r 2015 hade barnhj\u00e4rtl\u00e4karen varit anst\u00e4lld p\u00e5 en klinik i J\u00f6nk\u00f6ping i drygt ett \u00e5r. N\u00e4r en tre m\u00e5nader gammal hj\u00e4rtsjuk pojke skulle behandlas skrev l\u00e4karen ut en dos v\u00e4tskedrivande medicin \u2013 som var tio g\u00e5nger f\u00f6r h\u00f6g.<\/p>\n<p class=\"hyperion-css-1v9qo5x\">N\u00e4r pojken kom hem blev han gulaktig i skinnet och kr\u00e4ktes. F\u00f6r\u00e4ldrarna tog kontakt med sjukhuset och fick d\u00e5 veta att dosen var f\u00f6r h\u00f6g. Den ansvarige l\u00e4karen kontaktade f\u00f6r\u00e4ldrarna, men ber\u00e4ttade inte om sitt misstag. I st\u00e4llet sade han att pojken troligen var allergisk mot medicinen.<\/p>\n<p class=\"hyperion-css-1v9qo5x\">N\u00e4r h\u00e4ndelsen avsl\u00f6jades inleddes en lex Maria-utredning. Kliniken hade \u201dskarpa samtal\u201d med barnl\u00e4karen, s\u00e4ger verksamhetschefen till P4 J\u00f6nk\u00f6ping.<\/p>\n<p class=\"hyperion-css-1v9qo5x\">Trots det fick l\u00e4karen fick jobba kvar p\u00e5 kliniken. Han uts\u00e5gs senare till \u00f6verl\u00e4kare. P4 J\u00f6nk\u00f6ping avsl\u00f6jade i september att mannen under flera \u00e5rs tid felaktigt friskf\u00f6rklarat 78 hj\u00e4rtsjuka barn.<\/p>\n","protected":false},"excerpt":{"rendered":"share-arrowDela unsaveSpara expand-left helsk\u00e4rmNytt avsl\u00f6jande fr\u00e5n P4 J\u00f6nk\u00f6ping om den Ivo-anm\u00e4lda hj\u00e4rtl\u00e4karen som felaktigt friskf\u00f6rklarat 78 barn. Arkivbild.&hellip;\n","protected":false},"author":2,"featured_media":62204,"comment_status":"","ping_status":"","sticky":false,"template":"","format":"standard","meta":{"footnotes":""},"categories":[5],"tags":[22,23,26,27,17,21,24,25,28,29,15,16,18,34,31,33,32,30,19,20],"class_list":{"0":"post-62203","1":"post","2":"type-post","3":"status-publish","4":"format-standard","5":"has-post-thumbnail","7":"category-rubriker","8":"tag-breaking-news","9":"tag-breakingnews","10":"tag-featured-news","11":"tag-featurednews","12":"tag-headlines","13":"tag-huvudnyheter","14":"tag-latest-news","15":"tag-latestnews","16":"tag-main-news","17":"tag-mainnews","18":"tag-news","19":"tag-nyheter","20":"tag-rubriker","21":"tag-se","22":"tag-svenska","23":"tag-sverige","24":"tag-sweden","25":"tag-swedish","26":"tag-top-stories","27":"tag-topstories"},"share_on_mastodon":{"url":"https:\/\/pubeurope.com\/@se\/115422037626266003","error":""},"_links":{"self":[{"href":"https:\/\/www.europesays.com\/se\/wp-json\/wp\/v2\/posts\/62203","targetHints":{"allow":["GET"]}}],"collection":[{"href":"https:\/\/www.europesays.com\/se\/wp-json\/wp\/v2\/posts"}],"about":[{"href":"https:\/\/www.europesays.com\/se\/wp-json\/wp\/v2\/types\/post"}],"author":[{"embeddable":true,"href":"https:\/\/www.europesays.com\/se\/wp-json\/wp\/v2\/users\/2"}],"replies":[{"embeddable":true,"href":"https:\/\/www.europesays.com\/se\/wp-json\/wp\/v2\/comments?post=62203"}],"version-history":[{"count":0,"href":"https:\/\/www.europesays.com\/se\/wp-json\/wp\/v2\/posts\/62203\/revisions"}],"wp:featuredmedia":[{"embeddable":true,"href":"https:\/\/www.europesays.com\/se\/wp-json\/wp\/v2\/media\/62204"}],"wp:attachment":[{"href":"https:\/\/www.europesays.com\/se\/wp-json\/wp\/v2\/media?parent=62203"}],"wp:term":[{"taxonomy":"category","embeddable":true,"href":"https:\/\/www.europesays.com\/se\/wp-json\/wp\/v2\/categories?post=62203"},{"taxonomy":"post_tag","embeddable":true,"href":"https:\/\/www.europesays.com\/se\/wp-json\/wp\/v2\/tags?post=62203"}],"curies":[{"name":"wp","href":"https:\/\/api.w.org\/{rel}","templated":true}]}}