{"id":62240,"date":"2025-10-23T07:05:10","date_gmt":"2025-10-23T07:05:10","guid":{"rendered":"https:\/\/www.europesays.com\/se\/62240\/"},"modified":"2025-10-23T07:05:10","modified_gmt":"2025-10-23T07:05:10","slug":"1-000-anstallda-tvingas-lamna-volvo-cars-i-sverige","status":"publish","type":"post","link":"https:\/\/www.europesays.com\/se\/62240\/","title":{"rendered":"1\u00a0000 anst\u00e4llda tvingas l\u00e4mna Volvo Cars i Sverige"},"content":{"rendered":"<p>Publicerad 23 okt 2025 kl 07.45Uppdaterad kl 08.43<\/p>\n<p>Det blir omkring 1 000 anst\u00e4llda i Sverige som f\u00e5r l\u00e4mna Volvo Cars som en del av det sparpaket som tidigare kommunicerats, enligt<a href=\"https:\/\/www.sverigesradio.se\/artikel\/klart-runt-1-000-anstallda-tvingas-sluta-pa-volvo-cars-i-sverige\" rel=\"nofollow noopener\" target=\"_blank\"> Sveriges Radio Ekot<\/a>.<\/p>\n<p>\u2013 I Sverige \u00e4r det ungef\u00e4r 1 000 anst\u00e4llda som l\u00e4mnar plus ganska m\u00e5nga av de 1 000 konsulterna som har l\u00e4mnat, s\u00e4ger finanschefen Fredrik Hansson till Ekot.<\/p>\n<p>LIVE: Di TV \u2013 Sveriges ekonomi-tv-kanal<img   alt=\"\"\/> <\/p>\n<p>Foto: Jonathan Weiss \/ Shutterstock<\/p>\n<p>\u00d6ppna bild i helsk\u00e4rm<\/p>\n<p>Beskedet kommer samtidigt som f\u00f6retagets kvartalsrapport, som var n\u00e5got b\u00e4ttre \u00e4n v\u00e4ntat. Vinsten l\u00e5g p\u00e5 6,4 miljarder kronor, j\u00e4mf\u00f6rt med 5,8 miljarder motsvarande kvartal f\u00f6rra \u00e5ret, enligt TT.<\/p>\n<p>\u201dTrots de positiva resultaten under det tredje kvartalet st\u00e5r vi fortfarande inf\u00f6r flera utmaningar, inklusive fortsatt priskonkurrens och effekterna av tullar\u201d, skriver vd H\u00e5kan Samuelsson.<\/p>\n<p>Volvo Cars <a href=\"https:\/\/www.expressen.se\/ekonomi\/volvo-cars-storvarslar-3-000-far-ga\" rel=\"nofollow noopener\" target=\"_blank\">meddelade i v\u00e5ras att totalt 3\u00a0000 tj\u00e4nster<\/a> p\u00e5 tj\u00e4ntemannasidan skulle f\u00f6rsvinna fr\u00e5n f\u00f6retaget globalt. Redan d\u00e5 rapporterades det att det r\u00f6rde sig om drygt 2 000 anst\u00e4llda och konsulter i Sverige. Totalt 18 miljarder har ing\u00e5tt i besparingsprogrammet.<\/p>\n<p>\u201dProgrammet har medf\u00f6rt snabbare minskningar av r\u00f6rliga och indirekta kostnader \u00e4n planerat under kvartalet. En del av detta var ocks\u00e5 de personalneddragningar som Volvo Cars gjort, vilka kommer att slutf\u00f6ras under fj\u00e4rde kvartalet\u201d, st\u00e5r det i kvartalsrapporten.<\/p>\n<p>Under det tredje kvartalet \u00f6kade biltillverkaren resultatet trots att bilf\u00f6rs\u00e4ljningen sj\u00f6nk med 7 procent j\u00e4mf\u00f6rt med samma kvartal i fjol till 160 500 bilar, enligt TT. Oms\u00e4ttningen under kvartalet sj\u00f6nk d\u00e4rmed till 86,4 miljarder kronor, fr\u00e5n 92,8 miljarder ett \u00e5r tidigare. EBIT-marginalen steg d\u00e4remot till 7,4 procent mot fjol\u00e5rets 6,2 procent, rapporterar nyhetsbyr\u00e5n.<\/p>\n","protected":false},"excerpt":{"rendered":"Publicerad 23 okt 2025 kl 07.45Uppdaterad kl 08.43 Det blir omkring 1 000 anst\u00e4llda i Sverige som f\u00e5r&hellip;\n","protected":false},"author":2,"featured_media":62241,"comment_status":"","ping_status":"","sticky":false,"template":"","format":"standard","meta":{"footnotes":""},"categories":[14],"tags":[22,23,26,27,17,21,24,25,28,29,15,16,3743,18,34,31,33,32,30,19,2063,20,51,52,53,54],"class_list":{"0":"post-62240","1":"post","2":"type-post","3":"status-publish","4":"format-standard","5":"has-post-thumbnail","7":"category-varlden","8":"tag-breaking-news","9":"tag-breakingnews","10":"tag-featured-news","11":"tag-featurednews","12":"tag-headlines","13":"tag-huvudnyheter","14":"tag-latest-news","15":"tag-latestnews","16":"tag-main-news","17":"tag-mainnews","18":"tag-news","19":"tag-nyheter","20":"tag-organization-volvo-cars","21":"tag-rubriker","22":"tag-se","23":"tag-svenska","24":"tag-sverige","25":"tag-sweden","26":"tag-swedish","27":"tag-top-stories","28":"tag-topic-bilindustri","29":"tag-topstories","30":"tag-varlden","31":"tag-world","32":"tag-world-news","33":"tag-worldnews"},"share_on_mastodon":{"url":"https:\/\/pubeurope.com\/@se\/115422214476740954","error":""},"_links":{"self":[{"href":"https:\/\/www.europesays.com\/se\/wp-json\/wp\/v2\/posts\/62240","targetHints":{"allow":["GET"]}}],"collection":[{"href":"https:\/\/www.europesays.com\/se\/wp-json\/wp\/v2\/posts"}],"about":[{"href":"https:\/\/www.europesays.com\/se\/wp-json\/wp\/v2\/types\/post"}],"author":[{"embeddable":true,"href":"https:\/\/www.europesays.com\/se\/wp-json\/wp\/v2\/users\/2"}],"replies":[{"embeddable":true,"href":"https:\/\/www.europesays.com\/se\/wp-json\/wp\/v2\/comments?post=62240"}],"version-history":[{"count":0,"href":"https:\/\/www.europesays.com\/se\/wp-json\/wp\/v2\/posts\/62240\/revisions"}],"wp:featuredmedia":[{"embeddable":true,"href":"https:\/\/www.europesays.com\/se\/wp-json\/wp\/v2\/media\/62241"}],"wp:attachment":[{"href":"https:\/\/www.europesays.com\/se\/wp-json\/wp\/v2\/media?parent=62240"}],"wp:term":[{"taxonomy":"category","embeddable":true,"href":"https:\/\/www.europesays.com\/se\/wp-json\/wp\/v2\/categories?post=62240"},{"taxonomy":"post_tag","embeddable":true,"href":"https:\/\/www.europesays.com\/se\/wp-json\/wp\/v2\/tags?post=62240"}],"curies":[{"name":"wp","href":"https:\/\/api.w.org\/{rel}","templated":true}]}}