{"id":62275,"date":"2025-10-23T07:38:07","date_gmt":"2025-10-23T07:38:07","guid":{"rendered":"https:\/\/www.europesays.com\/se\/62275\/"},"modified":"2025-10-23T07:38:07","modified_gmt":"2025-10-23T07:38:07","slug":"lat-larare-bestraffa-barn-kan-fa-plocka-skrap","status":"publish","type":"post","link":"https:\/\/www.europesays.com\/se\/62275\/","title":{"rendered":"L\u00e5t l\u00e4rare \u201dbestraffa\u201d barn \u2013 kan f\u00e5 plocka skr\u00e4p"},"content":{"rendered":"<p>Liberalerna vill ge l\u00e4rare befogenhet att \u201dutdela bestraffningar\u201d till elever som betett sig illa f\u00f6r att \u00f6ka lydnaden i svensk skola, s\u00e4ger partiledare Simona Mohamsson till DN.<\/p>\n<p>\u2013 Det beh\u00f6vs en kulturf\u00f6r\u00e4ndring d\u00e4r vi avskaffar elevinflytandet f\u00f6r att skapa en skola som pr\u00e4glas av disciplin.<\/p>\n<p>Det kan enligt henne handla om att till exempel tvinga barnen att plocka skr\u00e4p p\u00e5 skolg\u00e5rden eller hj\u00e4lpa till i matsalen.<\/p>\n<p>Initiativet kommer fr\u00e5n en enig partistyrelse och \u00e4r en del av ett bredare initiativ f\u00f6r att minska elevers best\u00e4mmander\u00e4tt \u00f6ver undervisningen, n\u00e5got som m\u00e5nga l\u00e4rare tycker har g\u00e5tt \u00f6verstyr.<\/p>\n<p>Omni \u00e4r politiskt obundna och oberoende. Vi str\u00e4var efter att ge fler perspektiv p\u00e5 nyheterna. Har du fr\u00e5gor eller synpunkter kring v\u00e5r rapportering? <a href=\"https:\/\/omni.se\/l-lat-larare-bestraffa-barn-kan-fa-plocka-skrap\/a\/mailto:redaktion@omni.se\" class=\"ArticleActions_contactLink__W2F1M\" rel=\"nofollow noopener\" target=\"_blank\">Kontakta redaktionen<\/a><\/p>\n","protected":false},"excerpt":{"rendered":"Liberalerna vill ge l\u00e4rare befogenhet att \u201dutdela bestraffningar\u201d till elever som betett sig illa f\u00f6r att \u00f6ka lydnaden&hellip;\n","protected":false},"author":2,"featured_media":62276,"comment_status":"","ping_status":"","sticky":false,"template":"","format":"standard","meta":{"footnotes":""},"categories":[12],"tags":[22,23,26,27,17,21,24,25,639,28,29,15,16,369,18,34,1980,5033,31,33,32,30,19,20,3027],"class_list":{"0":"post-62275","1":"post","2":"type-post","3":"status-publish","4":"format-standard","5":"has-post-thumbnail","7":"category-sverige","8":"tag-breaking-news","9":"tag-breakingnews","10":"tag-featured-news","11":"tag-featurednews","12":"tag-headlines","13":"tag-huvudnyheter","14":"tag-latest-news","15":"tag-latestnews","16":"tag-liberalerna","17":"tag-main-news","18":"tag-mainnews","19":"tag-news","20":"tag-nyheter","21":"tag-politik","22":"tag-rubriker","23":"tag-se","24":"tag-simona-mohamsson","25":"tag-skola","26":"tag-svenska","27":"tag-sverige","28":"tag-sweden","29":"tag-swedish","30":"tag-top-stories","31":"tag-topstories","32":"tag-utbildningspolitik"},"share_on_mastodon":{"url":"https:\/\/pubeurope.com\/@se\/115422344242640374","error":""},"_links":{"self":[{"href":"https:\/\/www.europesays.com\/se\/wp-json\/wp\/v2\/posts\/62275","targetHints":{"allow":["GET"]}}],"collection":[{"href":"https:\/\/www.europesays.com\/se\/wp-json\/wp\/v2\/posts"}],"about":[{"href":"https:\/\/www.europesays.com\/se\/wp-json\/wp\/v2\/types\/post"}],"author":[{"embeddable":true,"href":"https:\/\/www.europesays.com\/se\/wp-json\/wp\/v2\/users\/2"}],"replies":[{"embeddable":true,"href":"https:\/\/www.europesays.com\/se\/wp-json\/wp\/v2\/comments?post=62275"}],"version-history":[{"count":0,"href":"https:\/\/www.europesays.com\/se\/wp-json\/wp\/v2\/posts\/62275\/revisions"}],"wp:featuredmedia":[{"embeddable":true,"href":"https:\/\/www.europesays.com\/se\/wp-json\/wp\/v2\/media\/62276"}],"wp:attachment":[{"href":"https:\/\/www.europesays.com\/se\/wp-json\/wp\/v2\/media?parent=62275"}],"wp:term":[{"taxonomy":"category","embeddable":true,"href":"https:\/\/www.europesays.com\/se\/wp-json\/wp\/v2\/categories?post=62275"},{"taxonomy":"post_tag","embeddable":true,"href":"https:\/\/www.europesays.com\/se\/wp-json\/wp\/v2\/tags?post=62275"}],"curies":[{"name":"wp","href":"https:\/\/api.w.org\/{rel}","templated":true}]}}