{"id":62293,"date":"2025-10-23T08:11:22","date_gmt":"2025-10-23T08:11:22","guid":{"rendered":"https:\/\/www.europesays.com\/se\/62293\/"},"modified":"2025-10-23T08:11:22","modified_gmt":"2025-10-23T08:11:22","slug":"oljepriset-stiger-efter-usas-sanktioner","status":"publish","type":"post","link":"https:\/\/www.europesays.com\/se\/62293\/","title":{"rendered":"Oljepriset stiger efter USA:s sanktioner"},"content":{"rendered":"<p>USA:s besked om sanktioner mot de tv\u00e5 ryska oljej\u00e4ttarna Rosneft och Lukoil ger konsekvenser f\u00f6r oljepriset. Ett fat Brent-olja lyfter n\u00e4stan 3 procent till 64 dollar per fat medan den amerikanska WTI-motsvarigheten stiger drygt 3 procent till 60 dollar fatet.<\/p>\n<p>Beskedet f\u00f6rv\u00e4ntas f\u00e5 stora effekter n\u00e4r det g\u00e4ller framf\u00f6rallt Indiens import av rysk olja som f\u00f6rv\u00e4ntas sjunka till noll, skriver Bloomberg.<\/p>\n<p>Indien b\u00f6rjade att importera olja fr\u00e5n Ryssland i samband med Ukrainakrigets utbrott och enligt analysfirman Kpler har Ryssland st\u00e5tt f\u00f6r 36 procent av all oljeimport till Indien. <\/p>\n","protected":false},"excerpt":{"rendered":"USA:s besked om sanktioner mot de tv\u00e5 ryska oljej\u00e4ttarna Rosneft och Lukoil ger konsekvenser f\u00f6r oljepriset. Ett fat&hellip;\n","protected":false},"author":2,"featured_media":62294,"comment_status":"","ping_status":"","sticky":false,"template":"","format":"standard","meta":{"footnotes":""},"categories":[5],"tags":[22,23,26,27,17,21,24,25,28,29,15,16,2000,18,34,31,33,32,30,19,20,74],"class_list":{"0":"post-62293","1":"post","2":"type-post","3":"status-publish","4":"format-standard","5":"has-post-thumbnail","7":"category-rubriker","8":"tag-breaking-news","9":"tag-breakingnews","10":"tag-featured-news","11":"tag-featurednews","12":"tag-headlines","13":"tag-huvudnyheter","14":"tag-latest-news","15":"tag-latestnews","16":"tag-main-news","17":"tag-mainnews","18":"tag-news","19":"tag-nyheter","20":"tag-olja","21":"tag-rubriker","22":"tag-se","23":"tag-svenska","24":"tag-sverige","25":"tag-sweden","26":"tag-swedish","27":"tag-top-stories","28":"tag-topstories","29":"tag-usa"},"share_on_mastodon":{"url":"https:\/\/pubeurope.com\/@se\/115422473980482712","error":""},"_links":{"self":[{"href":"https:\/\/www.europesays.com\/se\/wp-json\/wp\/v2\/posts\/62293","targetHints":{"allow":["GET"]}}],"collection":[{"href":"https:\/\/www.europesays.com\/se\/wp-json\/wp\/v2\/posts"}],"about":[{"href":"https:\/\/www.europesays.com\/se\/wp-json\/wp\/v2\/types\/post"}],"author":[{"embeddable":true,"href":"https:\/\/www.europesays.com\/se\/wp-json\/wp\/v2\/users\/2"}],"replies":[{"embeddable":true,"href":"https:\/\/www.europesays.com\/se\/wp-json\/wp\/v2\/comments?post=62293"}],"version-history":[{"count":0,"href":"https:\/\/www.europesays.com\/se\/wp-json\/wp\/v2\/posts\/62293\/revisions"}],"wp:featuredmedia":[{"embeddable":true,"href":"https:\/\/www.europesays.com\/se\/wp-json\/wp\/v2\/media\/62294"}],"wp:attachment":[{"href":"https:\/\/www.europesays.com\/se\/wp-json\/wp\/v2\/media?parent=62293"}],"wp:term":[{"taxonomy":"category","embeddable":true,"href":"https:\/\/www.europesays.com\/se\/wp-json\/wp\/v2\/categories?post=62293"},{"taxonomy":"post_tag","embeddable":true,"href":"https:\/\/www.europesays.com\/se\/wp-json\/wp\/v2\/tags?post=62293"}],"curies":[{"name":"wp","href":"https:\/\/api.w.org\/{rel}","templated":true}]}}