{"id":62405,"date":"2025-10-23T10:11:19","date_gmt":"2025-10-23T10:11:19","guid":{"rendered":"https:\/\/www.europesays.com\/se\/62405\/"},"modified":"2025-10-23T10:11:19","modified_gmt":"2025-10-23T10:11:19","slug":"brigitte-bardot-slar-tillbaka-mot-dodsryktet","status":"publish","type":"post","link":"https:\/\/www.europesays.com\/se\/62405\/","title":{"rendered":"Brigitte Bardot sl\u00e5r tillbaka mot d\u00f6dsryktet"},"content":{"rendered":"<p>Publicerad 23 okt 2025 kl 05.05Uppdaterad kl 06.39<\/p>\n<p>Brigitte Bardot sl\u00e5r tillbaka.<\/p>\n<p>Hon \u00e4r inte alls d\u00f6d \u2013 eller d\u00f6dssjuk.<\/p>\n<p>\u201dJag har inga planer p\u00e5 att tacka f\u00f6r mig\u201d, skriver hon p\u00e5 X.<\/p>\n<p><img   alt=\"\"\/><\/p>\n<p>Brigitte Bardot, 91, \u00e4r inte alls d\u00f6d, skriver hon p\u00e5 X.<\/p>\n<p>Foto: REMY DE LA MAUVINIERE \/ AP\/ TT<\/p>\n<p>\u00d6ppna bild i helsk\u00e4rm<img loading=\"lazy\"   alt=\"\"\/><\/p>\n<p>Den legendariska modellen och sk\u00e5despelaren har legat p\u00e5 sjukhus, men inte f\u00f6r n\u00e5got allvarligt enligt hennes stab.<\/p>\n<p>Foto: RIGHTS MANAGED \/ MARY EVANS PICTURE\/ TT<\/p>\n<p>\u00d6ppna bild i helsk\u00e4rm<\/p>\n<p>Det var i f\u00f6rra veckan som ryktet om modellen och sk\u00e5despelaren Brigitte Bardots, 91, sv\u00e5ra sjukdom b\u00f6rjade spridas. Ett rykte som f\u00f6rst\u00e4rktes under onsdagen n\u00e4r en stor fransk influencer meddelade att legendaren avlidit.<\/p>\n<p>\u201dEn ikon har g\u00e5tt bort och l\u00e4mnar efter sig ett of\u00f6rgl\u00f6mligt arv och ett outpl\u00e5nligt avtryck i det franska folkets hj\u00e4rtan\u201d, skrev Aqababe enligt <a href=\"https:\/\/www.dailymail.co.uk\/tvshowbiz\/article-15218277\/Brigitte-Bardot-statement-denying-died-hospital.html\" rel=\"nofollow noopener\" target=\"_blank\">Daily Mail<\/a>.\u00a0<\/p>\n<p>N\u00e5gra timmar senare s\u00e5g sig Brigitte Bardot tvingad att sj\u00e4lv g\u00e5 ut och dementera ryktet.\u00a0<\/p>\n<p>\u201dJag vet inte vem idioten \u00e4r som b\u00f6rjade sprida det h\u00e4r fejkryktet om att jag skulle ha g\u00e5tt bort. Jag m\u00e5r bra och har inga planer p\u00e5 att tacka f\u00f6r mig\u201d, skriver hon p\u00e5 <a href=\"https:\/\/x.com\/brigitte_bardot\/status\/1981096210451878354\" rel=\"nofollow\">X<\/a>.\u00a0<\/p>\n<p>Ryktesspridningen inleddes i samband med att Bardot genomgick en operation \u2013 ett mindre ingrepp enligt hennes egen stab \u2013 och blev kvar p\u00e5 sjukhus under tre veckor. Hon ska dock vara hemma nu och m\u00e5 bra.\u00a0<\/p>\n<p>Influencern Aqababe har raderat sitt f\u00f6rsta inl\u00e4gg om stj\u00e4rnans d\u00f6d \u2013 men vidh\u00e5ller att han har r\u00e4tt.<\/p>\n<p>\u201dDet \u00e4r inte hon som sk\u00f6ter hennes Twitter\u201d, skriver han.<\/p>\n","protected":false},"excerpt":{"rendered":"Publicerad 23 okt 2025 kl 05.05Uppdaterad kl 06.39 Brigitte Bardot sl\u00e5r tillbaka. Hon \u00e4r inte alls d\u00f6d \u2013&hellip;\n","protected":false},"author":2,"featured_media":62406,"comment_status":"","ping_status":"","sticky":false,"template":"","format":"standard","meta":{"footnotes":""},"categories":[67],"tags":[104,34,31,33,32,30,310,105],"class_list":{"0":"post-62405","1":"post","2":"type-post","3":"status-publish","4":"format-standard","5":"has-post-thumbnail","7":"category-underhallning","8":"tag-entertainment","9":"tag-se","10":"tag-svenska","11":"tag-sverige","12":"tag-sweden","13":"tag-swedish","14":"tag-topic-kandisar","15":"tag-underhallning"},"share_on_mastodon":{"url":"https:\/\/pubeurope.com\/@se\/115422945864429808","error":""},"_links":{"self":[{"href":"https:\/\/www.europesays.com\/se\/wp-json\/wp\/v2\/posts\/62405","targetHints":{"allow":["GET"]}}],"collection":[{"href":"https:\/\/www.europesays.com\/se\/wp-json\/wp\/v2\/posts"}],"about":[{"href":"https:\/\/www.europesays.com\/se\/wp-json\/wp\/v2\/types\/post"}],"author":[{"embeddable":true,"href":"https:\/\/www.europesays.com\/se\/wp-json\/wp\/v2\/users\/2"}],"replies":[{"embeddable":true,"href":"https:\/\/www.europesays.com\/se\/wp-json\/wp\/v2\/comments?post=62405"}],"version-history":[{"count":0,"href":"https:\/\/www.europesays.com\/se\/wp-json\/wp\/v2\/posts\/62405\/revisions"}],"wp:featuredmedia":[{"embeddable":true,"href":"https:\/\/www.europesays.com\/se\/wp-json\/wp\/v2\/media\/62406"}],"wp:attachment":[{"href":"https:\/\/www.europesays.com\/se\/wp-json\/wp\/v2\/media?parent=62405"}],"wp:term":[{"taxonomy":"category","embeddable":true,"href":"https:\/\/www.europesays.com\/se\/wp-json\/wp\/v2\/categories?post=62405"},{"taxonomy":"post_tag","embeddable":true,"href":"https:\/\/www.europesays.com\/se\/wp-json\/wp\/v2\/tags?post=62405"}],"curies":[{"name":"wp","href":"https:\/\/api.w.org\/{rel}","templated":true}]}}