{"id":62440,"date":"2025-10-23T10:43:13","date_gmt":"2025-10-23T10:43:13","guid":{"rendered":"https:\/\/www.europesays.com\/se\/62440\/"},"modified":"2025-10-23T10:43:13","modified_gmt":"2025-10-23T10:43:13","slug":"fangarna-pa-fortet-profilen-anthony-laborde-har-gift-sig","status":"publish","type":"post","link":"https:\/\/www.europesays.com\/se\/62440\/","title":{"rendered":"\u201dF\u00e5ngarna p\u00e5 fortet\u201d-profilen Anthony Laborde har gift sig"},"content":{"rendered":"<p>Publicerad 23 okt 2025 kl 10.14Uppdaterad kl 11.33<\/p>\n<p>Vilken br\u00f6llopslycka!\u00a0<\/p>\n<p>\u201dF\u00e5ngarna p\u00e5 fortet\u201d-profilen Anthony Laborde har sagt ja.\u00a0<\/p>\n<p><img   alt=\"\"\/><\/p>\n<p>Anthony Laborde och Andr\u00e9 Bouchet i \u201dF\u00e5ngarna p\u00e5 fortet\u201d.<\/p>\n<p>\u00d6ppna bild i helsk\u00e4rm<\/p>\n<p>Genom \u00e5ren har Anthony Laborde, 43, tillsammans med Andr\u00e9 Bouchet, 58, \u00e4ven kallad Didier, guidat tittarna i TV4:s \u201d<a href=\"https:\/\/www.expressen.se\/tagg\/organization\/fangarna-pa-fortet\/\" class=\"\" rel=\"nofollow noopener\" target=\"_blank\">F\u00e5ngarna p\u00e5 fortet<\/a>\u201d.\u00a0<\/p>\n<p>Nu ber\u00e4ttar Laborde p\u00e5 Instagram att han och k\u00e4rleken Gaelle Laborde har gift sig.\u00a0<\/p>\n<p>\u201dEtt ja f\u00f6r resten av livet\u201d, skriver Laborde p\u00e5 Instagram.\u00a0<\/p>\n<p>Han har setts i det svenska programmet men \u00e4r fr\u00e5n Frankrike \u2013 och i hemlandet \u00e4r han superk\u00e4nd.\u00a0<\/p>\n<p>\u2013 Efter inspelningsdagarna m\u00f6ter fans ofta upp Anthony och Didier vid kajen f\u00f6r att f\u00e5 autografer och fotas tillsammans med dem. De \u00e4r uppenbart superstj\u00e4rnor i Frankrike, har Jonathan Nordin, producent f\u00f6r \u201dF\u00e5ngarna p\u00e5 fortet\u201d tidigare sagt till TV4.<\/p>\n<p><a href=\"https:\/\/www.instagram.com\/p\/DQG6J2YjGeK\/?hidecaption=true\" data-provider=\"instagram\" class=\"js-social-embed\" rel=\"nofollow noopener\" target=\"_blank\">https:\/\/www.instagram.com\/p\/DQG6J2YjGeK\/?hidecaption=true<\/a><script async src=\"\/\/www.instagram.com\/embed.js\"><\/script><\/p>\n","protected":false},"excerpt":{"rendered":"Publicerad 23 okt 2025 kl 10.14Uppdaterad kl 11.33 Vilken br\u00f6llopslycka!\u00a0 \u201dF\u00e5ngarna p\u00e5 fortet\u201d-profilen Anthony Laborde har sagt ja.\u00a0&hellip;\n","protected":false},"author":2,"featured_media":62441,"comment_status":"","ping_status":"","sticky":false,"template":"","format":"standard","meta":{"footnotes":""},"categories":[67],"tags":[104,5788,384,34,31,33,32,30,105],"class_list":{"0":"post-62440","1":"post","2":"type-post","3":"status-publish","4":"format-standard","5":"has-post-thumbnail","7":"category-underhallning","8":"tag-entertainment","9":"tag-organization-fangarna-pa-fortet","10":"tag-organization-tv4","11":"tag-se","12":"tag-svenska","13":"tag-sverige","14":"tag-sweden","15":"tag-swedish","16":"tag-underhallning"},"share_on_mastodon":{"url":"https:\/\/pubeurope.com\/@se\/115423071699750319","error":""},"_links":{"self":[{"href":"https:\/\/www.europesays.com\/se\/wp-json\/wp\/v2\/posts\/62440","targetHints":{"allow":["GET"]}}],"collection":[{"href":"https:\/\/www.europesays.com\/se\/wp-json\/wp\/v2\/posts"}],"about":[{"href":"https:\/\/www.europesays.com\/se\/wp-json\/wp\/v2\/types\/post"}],"author":[{"embeddable":true,"href":"https:\/\/www.europesays.com\/se\/wp-json\/wp\/v2\/users\/2"}],"replies":[{"embeddable":true,"href":"https:\/\/www.europesays.com\/se\/wp-json\/wp\/v2\/comments?post=62440"}],"version-history":[{"count":0,"href":"https:\/\/www.europesays.com\/se\/wp-json\/wp\/v2\/posts\/62440\/revisions"}],"wp:featuredmedia":[{"embeddable":true,"href":"https:\/\/www.europesays.com\/se\/wp-json\/wp\/v2\/media\/62441"}],"wp:attachment":[{"href":"https:\/\/www.europesays.com\/se\/wp-json\/wp\/v2\/media?parent=62440"}],"wp:term":[{"taxonomy":"category","embeddable":true,"href":"https:\/\/www.europesays.com\/se\/wp-json\/wp\/v2\/categories?post=62440"},{"taxonomy":"post_tag","embeddable":true,"href":"https:\/\/www.europesays.com\/se\/wp-json\/wp\/v2\/tags?post=62440"}],"curies":[{"name":"wp","href":"https:\/\/api.w.org\/{rel}","templated":true}]}}