{"id":62458,"date":"2025-10-23T11:10:13","date_gmt":"2025-10-23T11:10:13","guid":{"rendered":"https:\/\/www.europesays.com\/se\/62458\/"},"modified":"2025-10-23T11:10:13","modified_gmt":"2025-10-23T11:10:13","slug":"teslas-resultat-samre-an-vantat","status":"publish","type":"post","link":"https:\/\/www.europesays.com\/se\/62458\/","title":{"rendered":"Teslas resultat s\u00e4mre \u00e4n v\u00e4ntat"},"content":{"rendered":"<p>&#13;<br \/>\n                        Oms\u00e4ttningen steg 11,6 procent till 28,10 miljarder dollar (25,18). Utfallet kan j\u00e4mf\u00f6ras med Factsets analytikerkonsensus som l\u00e5g p\u00e5 26,46.<\/p>\n<p>Int\u00e4kterna fr\u00e5n bilverksamheten \u00f6kade med 6 procent till 21,21 miljarder dollar (20,02).<\/p>\n<p>Justerat ebitda-resultat uppgick till 4,23 miljarder dollar (4,67), med en justerad ebitda-marginal p\u00e5 15,1 procent (18,5).<\/p>\n<p>Justerat resultat per aktie blev 0,50 dollar (0,72), v\u00e4ntat var 0,55.<\/p>\n<p>Den l\u00e4gre vinsten \u00e5terspeglar l\u00e4gre elbilspriser och en \u00f6kning av operativa kostnader med 50 procent, vilka enligt Tesla beror delvis p\u00e5 AI och &#8221;andra forskningsprojekt&#8221;.<\/p>\n<p>I \u00f6vrigt utel\u00e4mnade bolaget mycket fr\u00e5n rapporten.<\/p>\n<p>Vd Elon Musk sade ingenting om efterfr\u00e5gan p\u00e5 f\u00f6retagets elfordon efter att en viktig federal skattel\u00e4ttnad l\u00f6pt ut f\u00f6rra m\u00e5naden. Cybertruck eller effekterna av tullar p\u00e5 bildelar n\u00e4mndes inte. Investerarna fick heller inga indikationer p\u00e5 hur fj\u00e4rde kvartalet kommer att utvecklas.<\/p>\n<p>D\u00e4remot aviserade bolaget att man fortfarande siktar p\u00e5 att starta \u201dvolymproduktion\u201d av Cybercab, tunga elektriska Semi-lastbilar och ett nytt batterilagringssystem, kallat Megapack 3, under 2026. Musk sade att produktionen av Cybercab v\u00e4ntas starta under andra kvartalet.<\/p>\n<p>Tesla uppgav ocks\u00e5 att det nu bygger ut \u201df\u00f6rsta generationens produktionslinjer\u201d f\u00f6r f\u00f6retagets humanoida Optimus-robotar. Enligt Musk v\u00e4ntas Tesla kunna visa upp sin Optimus V3 under f\u00f6rsta kvartalet.<\/p>\n<p>Aktien f\u00f6ll 3,8 procent i efterhandeln.<\/p>\n<tr>\n<td>Tesla, BUSD<\/td>\n<td>Q3-2025<\/td>\n<td>Konsensus<\/td>\n<td>F\u00f6r\u00e4ndring mot konsensus<\/td>\n<td>Q3-2024<\/td>\n<td>F\u00f6r\u00e4ndring<\/td>\n<\/tr>\n<tr>\n<td>Nettooms\u00e4ttning<\/td>\n<td>28,10<\/td>\n<td>26,46<\/td>\n<td>6,2%<\/td>\n<td>25,18<\/td>\n<td>11,6%<\/td>\n<\/tr>\n<tr>\n<td>Justerat ebitda<\/td>\n<td>4,23<\/td>\n<td\/>\n<td\/>\n<td>4,67<\/td>\n<td>-9,4%<\/td>\n<\/tr>\n<tr>\n<td>Justerat resultat per aktie, USD<\/td>\n<td>0,50<\/td>\n<td>0,55<\/td>\n<td>-9,1%<\/td>\n<td>0,72<\/td>\n<td>-30,6%<\/td>\n<\/tr>\n<p>Konsensusdata fr\u00e5n Factset&#13;<\/p>\n","protected":false},"excerpt":{"rendered":"&#13; Oms\u00e4ttningen steg 11,6 procent till 28,10 miljarder dollar (25,18). Utfallet kan j\u00e4mf\u00f6ras med Factsets analytikerkonsensus som l\u00e5g&hellip;\n","protected":false},"author":2,"featured_media":62459,"comment_status":"","ping_status":"","sticky":false,"template":"","format":"standard","meta":{"footnotes":""},"categories":[65],"tags":[72,70,71,454,453,451,452,34,31,33,32,30,455],"class_list":{"0":"post-62458","1":"post","2":"type-post","3":"status-publish","4":"format-standard","5":"has-post-thumbnail","7":"category-ekonomi","8":"tag-business","9":"tag-economy","10":"tag-ekonomi","11":"tag-ekonomisk-analys","12":"tag-finans","13":"tag-finansiella-nyheter","14":"tag-investera","15":"tag-se","16":"tag-svenska","17":"tag-sverige","18":"tag-sweden","19":"tag-swedish","20":"tag-trading"},"share_on_mastodon":{"url":"https:\/\/pubeurope.com\/@se\/115423177809979488","error":""},"_links":{"self":[{"href":"https:\/\/www.europesays.com\/se\/wp-json\/wp\/v2\/posts\/62458","targetHints":{"allow":["GET"]}}],"collection":[{"href":"https:\/\/www.europesays.com\/se\/wp-json\/wp\/v2\/posts"}],"about":[{"href":"https:\/\/www.europesays.com\/se\/wp-json\/wp\/v2\/types\/post"}],"author":[{"embeddable":true,"href":"https:\/\/www.europesays.com\/se\/wp-json\/wp\/v2\/users\/2"}],"replies":[{"embeddable":true,"href":"https:\/\/www.europesays.com\/se\/wp-json\/wp\/v2\/comments?post=62458"}],"version-history":[{"count":0,"href":"https:\/\/www.europesays.com\/se\/wp-json\/wp\/v2\/posts\/62458\/revisions"}],"wp:featuredmedia":[{"embeddable":true,"href":"https:\/\/www.europesays.com\/se\/wp-json\/wp\/v2\/media\/62459"}],"wp:attachment":[{"href":"https:\/\/www.europesays.com\/se\/wp-json\/wp\/v2\/media?parent=62458"}],"wp:term":[{"taxonomy":"category","embeddable":true,"href":"https:\/\/www.europesays.com\/se\/wp-json\/wp\/v2\/categories?post=62458"},{"taxonomy":"post_tag","embeddable":true,"href":"https:\/\/www.europesays.com\/se\/wp-json\/wp\/v2\/tags?post=62458"}],"curies":[{"name":"wp","href":"https:\/\/api.w.org\/{rel}","templated":true}]}}