{"id":62471,"date":"2025-10-23T11:21:23","date_gmt":"2025-10-23T11:21:23","guid":{"rendered":"https:\/\/www.europesays.com\/se\/62471\/"},"modified":"2025-10-23T11:21:23","modified_gmt":"2025-10-23T11:21:23","slug":"1-100-elever-rymdes-in-i-boras-efter-granatlarm","status":"publish","type":"post","link":"https:\/\/www.europesays.com\/se\/62471\/","title":{"rendered":"1\u00a0100 elever rymdes in i Bor\u00e5s efter granatlarm"},"content":{"rendered":"<p>Av Oscar Lundberg<br \/>Publicerad 22 oktober, 08:30. Uppdaterad 22 oktober, 10:12<\/p>\n<p>Ett omr\u00e5de sp\u00e4rrades av och boende rymdes in i Bor\u00e5s, efter ett larm om misst\u00e4nkt farliga f\u00f6rem\u00e5l, uppger polisen p\u00e5 sin hemsida. Bland annat inrymdes 1\u202f100 elever p\u00e5 en grundskola i n\u00e4rheten, rapporterar P4 Sjuh\u00e4rad.<\/p>\n<p>Sedan lunchtid har tv\u00e5 handgranater, som bed\u00f6mts som skarpa, hanterats av nationella bombskyddet. Flera avsp\u00e4rrningar kvarst\u00e5r d\u00e4remot.<\/p>\n<p>\u2013 Alla elever, f\u00f6r\u00e4ldrar och l\u00e4rare \u00e4r informerade och ingen f\u00e5r l\u00e4mna skolan. Personal cirkulerar i skolan och pratar med de elever som har fr\u00e5gor. Allt enligt v\u00e5ra rutiner, sade Susanne Karlsson, skoladministrat\u00f6r p\u00e5 Bodaskolan under morgonen.<\/p>\n<p>Avsp\u00e4rrningarna h\u00e4vdes under eftermiddagen. <\/p>\n<p>Omni \u00e4r politiskt obundna och oberoende. Vi str\u00e4var efter att ge fler perspektiv p\u00e5 nyheterna. Har du fr\u00e5gor eller synpunkter kring v\u00e5r rapportering? <a href=\"https:\/\/omni.se\/misstankt-farlig-foremal-i-boras\/a\/mailto:redaktion@omni.se\" class=\"ArticleActions_contactLink__W2F1M\" rel=\"nofollow noopener\" target=\"_blank\">Kontakta redaktionen<\/a><\/p>\n","protected":false},"excerpt":{"rendered":"Av Oscar LundbergPublicerad 22 oktober, 08:30. Uppdaterad 22 oktober, 10:12 Ett omr\u00e5de sp\u00e4rrades av och boende rymdes in&hellip;\n","protected":false},"author":2,"featured_media":62472,"comment_status":"","ping_status":"","sticky":false,"template":"","format":"standard","meta":{"footnotes":"","_share_on_mastodon":"0"},"categories":[5],"tags":[3002,22,23,128,26,27,17,21,24,25,28,29,5789,15,16,18,34,31,33,32,30,19,20,1084],"class_list":["post-62471","post","type-post","status-publish","format-standard","has-post-thumbnail","category-rubriker","tag-boras","tag-breaking-news","tag-breakingnews","tag-brott","tag-featured-news","tag-featurednews","tag-headlines","tag-huvudnyheter","tag-latest-news","tag-latestnews","tag-main-news","tag-mainnews","tag-nationella-bombskyddet","tag-news","tag-nyheter","tag-rubriker","tag-se","tag-svenska","tag-sverige","tag-sweden","tag-swedish","tag-top-stories","tag-topstories","tag-vastra-gotalands-lan"],"share_on_mastodon":{"url":"https:\/\/pubeurope.com\/@se\/115423221111781317","error":""},"_links":{"self":[{"href":"https:\/\/www.europesays.com\/se\/wp-json\/wp\/v2\/posts\/62471","targetHints":{"allow":["GET"]}}],"collection":[{"href":"https:\/\/www.europesays.com\/se\/wp-json\/wp\/v2\/posts"}],"about":[{"href":"https:\/\/www.europesays.com\/se\/wp-json\/wp\/v2\/types\/post"}],"author":[{"embeddable":true,"href":"https:\/\/www.europesays.com\/se\/wp-json\/wp\/v2\/users\/2"}],"replies":[{"embeddable":true,"href":"https:\/\/www.europesays.com\/se\/wp-json\/wp\/v2\/comments?post=62471"}],"version-history":[{"count":0,"href":"https:\/\/www.europesays.com\/se\/wp-json\/wp\/v2\/posts\/62471\/revisions"}],"wp:featuredmedia":[{"embeddable":true,"href":"https:\/\/www.europesays.com\/se\/wp-json\/wp\/v2\/media\/62472"}],"wp:attachment":[{"href":"https:\/\/www.europesays.com\/se\/wp-json\/wp\/v2\/media?parent=62471"}],"wp:term":[{"taxonomy":"category","embeddable":true,"href":"https:\/\/www.europesays.com\/se\/wp-json\/wp\/v2\/categories?post=62471"},{"taxonomy":"post_tag","embeddable":true,"href":"https:\/\/www.europesays.com\/se\/wp-json\/wp\/v2\/tags?post=62471"}],"curies":[{"name":"wp","href":"https:\/\/api.w.org\/{rel}","templated":true}]}}