{"id":62473,"date":"2025-10-23T11:23:11","date_gmt":"2025-10-23T11:23:11","guid":{"rendered":"https:\/\/www.europesays.com\/se\/62473\/"},"modified":"2025-10-23T11:23:11","modified_gmt":"2025-10-23T11:23:11","slug":"ratt-in-i-hetluften-for-gustavsson","status":"publish","type":"post","link":"https:\/\/www.europesays.com\/se\/62473\/","title":{"rendered":"R\u00e4tt in i hetluften f\u00f6r Gustavsson"},"content":{"rendered":"<p>share-arrowDela<\/p>\n<p>unsaveSpara<\/p>\n<p>expand-left<\/p>\n<p>helsk\u00e4rm<img decoding=\"async\" class=\"image-asset hyperion-css-u06ts1\" data-test-tag=\"image-asset\" src=\"https:\/\/www.europesays.com\/se\/wp-content\/uploads\/2025\/10\/7b6bdc2a-c693-4360-971d-05aac2dac8fc\"  alt=\"Sveriges nya f\u00f6rbundskaptenen Tony Gustafsson under en av veckans tr\u00e4ningar i Marbella, inf\u00f6r Nations League-semifinalen mot Spanien i M\u00e1laga.\"  loading=\"eager\" fetchpriority=\"high\" style=\"aspect-ratio:1900 \/ 1298\"\/>Sveriges nya f\u00f6rbundskaptenen Tony Gustafsson under en av veckans tr\u00e4ningar i Marbella, inf\u00f6r Nations League-semifinalen mot Spanien i M\u00e1laga. Foto: Jonas Ekstr\u00f6mer\/TT<\/p>\n<p class=\"hyperion-css-1shl3oz\" data-test-tag=\"lead-text\">Det blir ingen mjukstart f\u00f6r damlandslagets nya f\u00f6rbudskapten Tony Gustavsson.<\/p>\n<p class=\"hyperion-css-1shl3oz\" data-test-tag=\"lead-text\">V\u00e4rldsettan Spanien v\u00e4ntar i Nations League-semifinal i M\u00e1laga.<\/p>\n<p class=\"hyperion-css-1v9qo5x\">Vad: Nations League-semifinal i fotboll, f\u00f6rsta matchen i b\u00e4st av tv\u00e5.<\/p>\n<p class=\"hyperion-css-1v9qo5x\">Var: La Rosaleda-stadion, M\u00e1laga, Spanien.<\/p>\n<p class=\"hyperion-css-1v9qo5x\">N\u00e4r: Fredag klockan 20.00.<\/p>\n<p class=\"hyperion-css-1v9qo5x\">Tv\/radio: SVT\/SVT Play och P4 Radiosporten.<\/p>\n<p class=\"hyperion-css-1v9qo5x\">Fr\u00e5n PG till TG: Tony Gustavsson \u00e4r ny f\u00f6rbundskapten efter Peter Gerhardsson, som i somras klev av efter \u00e5tta \u00e5r p\u00e5 posten. Det blir r\u00e4tt in i hetluften f\u00f6r 52-\u00e5rige Gustavsson, som bara har haft den h\u00e4r veckan p\u00e5 sig f\u00f6r att f\u00e5 ihop ett lag som ska kunna sl\u00e5ss om en finalplats.<\/p>\n<p class=\"hyperion-css-1v9qo5x\">Motst\u00e5ndet: Spanien p\u00e5 bortaplan \u2013 s\u00e5 mycket tuffare blir det inte. Laget \u00e4r regerande v\u00e4rldsm\u00e4stare, v\u00e4rldsetta och n\u00e5dde final i EM i somras, och har dessutom tung statistik mot Sverige p\u00e5 senare \u00e5r: tre raka segrar och tio gjorda m\u00e5l. Senast l\u00e4nderna m\u00f6ttes, just i M\u00e1laga f\u00f6r tv\u00e5 \u00e5r sedan, vann Spanien med 5\u20133.<\/p>\n<p class=\"hyperion-css-1v9qo5x\">Startelvan: Den som hoppas p\u00e5 ett helt nytt svenskt lag f\u00e5r nog hoppas vidare. Tony Gustavsson har inte f\u00f6rs\u00f6kt d\u00f6lja sin t\u00e4nkta startelva (?) under tr\u00e4ningarna p\u00e5 spansk mark i veckan. F\u00f6rutom skadade Magdalena Eriksson och v\u00e4nsterbacken Jonna Andersson \u2013 som inte fick plats i truppen \u2013 ser det ut att bli exakt samma elva som startade i den senaste landskampen: EM-kvartsfinalen mot England i juli.<\/p>\n<p class=\"hyperion-css-1v9qo5x\">Spanska avbr\u00e4ck: Patricia \u201dPatri\u201d Guijarro \u00e4r skadad och missar definitivt matchen. En annan av Spaniens stora mittf\u00e4ltsstj\u00e4rnor, Alexia Putellas, tr\u00e4nade p\u00e5 egen hand i b\u00f6rjan av veckan och \u00e4r ocks\u00e5 ett fr\u00e5getecken. Det betyder minst ett rej\u00e4lt avbr\u00e4ck f\u00f6r nya f\u00f6rbundskaptenen Sonia Berm\u00fadez.<\/p>\n<p class=\"hyperion-css-1v9qo5x\">Sverige, t\u00e4nkbar startelva (4\u20133\u20133): Jennifer Falk \u2013 Hanna Lundkvist, Nathalie Bj\u00f6rn, Amanda Ilestedt, Anna Sandberg \u2013 Filippa Angeldahl, Kosovare Asllani, Julia Zigiotti Olme \u2013 Johanna Rytting Kaneryd, Stina Blackstenius, Fridolina Rolf\u00f6.<\/p>\n<p class=\"hyperion-css-1v9qo5x\">\u00d6vriga truppen: Tove Enblom (mv), Moa \u00d6hman (mv), Smilla Holmberg, Elma Junttila Nelhage, Amanda Nild\u00e9n, Linda Sembrant, Hanna Bennison, Rebecka Blomqvist, Evelyn Ijeh, Monica Jusu Bah, Rosa Kafaji, Felicia Schr\u00f6der.<\/p>\n<p class=\"hyperion-css-1v9qo5x\">F\u00f6rbundskapten: Tony Gustavsson.<\/p>\n<p class=\"hyperion-css-1v9qo5x\">Spaniens trupp: Cata Coll (mv), Adriana Nanclares (mv), Eunate Astralaga (mv), Ona Batlle, Olga Carmona, Irene Paredes, Mapi Le\u00f3n, Mar\u00eda M\u00e9ndez, Jana Fern\u00e1ndez, Luc\u00eda Corrales, Alexia Putellas, Laia Aleixandri, Fiamma Ben\u00edtez, Aitana Bonmat\u00ed, Vicky L\u00f3pez, Clara Serrajordi, Mariona Caldentey, Jennifer Hermoso, Alba Redondo, Cl\u00e0udia Pina, Salma Paralluelo, Eva Navarro, Cristina Mart\u00edn.<\/p>\n<p class=\"hyperion-css-1v9qo5x\">F\u00f6rbundskapten: Sonia Berm\u00fadez.<\/p>\n","protected":false},"excerpt":{"rendered":"share-arrowDela unsaveSpara expand-left helsk\u00e4rmSveriges nya f\u00f6rbundskaptenen Tony Gustafsson under en av veckans tr\u00e4ningar i Marbella, inf\u00f6r Nations League-semifinalen&hellip;\n","protected":false},"author":2,"featured_media":62474,"comment_status":"","ping_status":"","sticky":false,"template":"","format":"standard","meta":{"footnotes":""},"categories":[68],"tags":[34,111,110,31,33,32,30],"class_list":{"0":"post-62473","1":"post","2":"type-post","3":"status-publish","4":"format-standard","5":"has-post-thumbnail","7":"category-sport","8":"tag-se","9":"tag-sport","10":"tag-sports","11":"tag-svenska","12":"tag-sverige","13":"tag-sweden","14":"tag-swedish"},"share_on_mastodon":{"url":"https:\/\/pubeurope.com\/@se\/115423229006146070","error":""},"_links":{"self":[{"href":"https:\/\/www.europesays.com\/se\/wp-json\/wp\/v2\/posts\/62473","targetHints":{"allow":["GET"]}}],"collection":[{"href":"https:\/\/www.europesays.com\/se\/wp-json\/wp\/v2\/posts"}],"about":[{"href":"https:\/\/www.europesays.com\/se\/wp-json\/wp\/v2\/types\/post"}],"author":[{"embeddable":true,"href":"https:\/\/www.europesays.com\/se\/wp-json\/wp\/v2\/users\/2"}],"replies":[{"embeddable":true,"href":"https:\/\/www.europesays.com\/se\/wp-json\/wp\/v2\/comments?post=62473"}],"version-history":[{"count":0,"href":"https:\/\/www.europesays.com\/se\/wp-json\/wp\/v2\/posts\/62473\/revisions"}],"wp:featuredmedia":[{"embeddable":true,"href":"https:\/\/www.europesays.com\/se\/wp-json\/wp\/v2\/media\/62474"}],"wp:attachment":[{"href":"https:\/\/www.europesays.com\/se\/wp-json\/wp\/v2\/media?parent=62473"}],"wp:term":[{"taxonomy":"category","embeddable":true,"href":"https:\/\/www.europesays.com\/se\/wp-json\/wp\/v2\/categories?post=62473"},{"taxonomy":"post_tag","embeddable":true,"href":"https:\/\/www.europesays.com\/se\/wp-json\/wp\/v2\/tags?post=62473"}],"curies":[{"name":"wp","href":"https:\/\/api.w.org\/{rel}","templated":true}]}}